{"id":21338,"date":"2020-12-17T07:41:13","date_gmt":"2020-12-17T13:41:13","guid":{"rendered":"http:\/\/www.zonaroja.com.mx\/?p=21338"},"modified":"2020-12-17T07:41:17","modified_gmt":"2020-12-17T13:41:17","slug":"aumentan-en-15-el-salario-minimo-pero-patrones-no-estan-de-acuerdo","status":"publish","type":"post","link":"https:\/\/zonaroja.com.mx\/?p=21338","title":{"rendered":"Aumentan en 15% el salario m\u00ednimo; pero patrones no est\u00e1n de acuerdo"},"content":{"rendered":"\n<p>Redacci\u00f3n\/Zona Roja Cdmx.<\/p>\n\n\n\n<p>Ciudad de M\u00e9xico, 17 de diciembre de 2020.- El Consejo de Representantes de la Comisi\u00f3n Nacional de Salarios M\u00ednimos (Conasami) acord\u00f3 el mi\u00e9rcoles, sin unanimidad, aumentar el salario m\u00ednimo de 123.22 a 141.7 pesos diarios a partir del 1 de enero de 2021.<\/p>\n\n\n\n<p>Se trata de la s\u00e9ptima vez que el salario m\u00ednimo no se fija por unanimidad por parte del Consejo de Representantes de composici\u00f3n tripartita; las veces anteriores fueron en 1998, 1999, 2000, 2001, 2002 y 2012.<\/p>\n\n\n\n<p>El Gobierno, representado por Conasami, vot\u00f3 a favor de la propuesta, as\u00ed como el sector obrero, que puso sus 11 votos a favor.<\/p>\n\n\n\n<p>Sin embargo, los 11 representantes del sector patronal votaron en contra de la propuesta del alza global de 15 por ciento, que fue el porcentaje que sugiri\u00f3 hace unos d\u00edas en la conferencia ma\u00f1anera el presidente Andr\u00e9s Manuel L\u00f3pez Obrador.<\/p>\n\n\n\n<p>El nuevo salario m\u00ednimo se determin\u00f3 partiendo del actual salario de 123.22 pesos diarios, al cual se le adicionaron 10.46 pesos a trav\u00e9s del llamado Monto Independiente de Recuperaci\u00f3n (MIR) y, despu\u00e9s, se le aplic\u00f3 un incremento porcentual de 6 por ciento.<\/p>\n\n\n\n<p>De tal forma que el salario m\u00ednimo vigente para 2021 ser\u00e1 de 141.7 pesos diarios, lo que implica un aumento global de 15 por ciento.<\/p>\n\n\n\n<p>En tanto, el salario m\u00ednimo para la Zona Libre de la Frontera Norte pasar\u00e1 de 185.56 a 213.19 pesos diarios en 2021, un incremento de 15 por ciento, monto que se alcanz\u00f3 tras aplicar un aumento de 15.75 pesos v\u00eda la MIR m\u00e1s un incremento de 6 por ciento.<\/p>\n\n\n\n<p>PREOCUPA A IP REPERCUSIONES<\/p>\n\n\n\n<p>El sector privado advirti\u00f3 el riesgo de mayor desempleo y cierre de empresas como consecuencia del aumento al salario m\u00ednimo, al argumentar que en la discusi\u00f3n no se consider\u00f3 el impacto de la pandemia en las empresas y la falta de apoyos gubernamentales para mantener el empleo.<\/p>\n\n\n\n<p>El Consejo Coordinador Empresarial (CCE) alert\u00f3 que las empresas peque\u00f1as y medianas no podr\u00e1n aplicar a sus trabajadores el alza salarial decretada por la Conasami y traer\u00e1 repercusiones negativas en m\u00faltiples variables econ\u00f3micas y sociales.<\/p>\n\n\n\n<p>\u201cSi no mejoran sus ingresos (de las empresas) durante los tres meses siguientes, corren el riesgo de desaparecer 700 mil empresas m\u00e1s\u201d, advirti\u00f3 el organismo cupular al considerar que el alza al salario perjudicar\u00e1 fuertemente a las micro y peque\u00f1as empresas, haciendo inviable la sobrevivencia de muchas de ellas.<\/p>\n\n\n\n<p>(Informaci\u00f3n del diario \u201cEl Financiero\u201d)<\/p>\n","protected":false},"excerpt":{"rendered":"<p>Redacci\u00f3n\/Zona Roja Cdmx. Ciudad de M\u00e9xico, 17 de diciembre de 2020.- El Consejo de Representantes&hellip;<\/p>\n","protected":false},"author":2,"featured_media":21339,"comment_status":"closed","ping_status":"open","sticky":false,"template":"","format":"standard","meta":{"_lmt_disableupdate":"","_lmt_disable":"","_jetpack_memberships_contains_paid_content":false,"footnotes":""},"categories":[109,46],"tags":[2301],"class_list":["post-21338","post","type-post","status-publish","format-standard","has-post-thumbnail","hentry","category-minuto-a-minuto","category-zona-blanca","tag-incremento-a-salario-minimo-mexico"],"jetpack_featured_media_url":"https:\/\/zonaroja.com.mx\/wp-content\/uploads\/2020\/12\/Salario-minimo.jpeg","jetpack_sharing_enabled":true,"_links":{"self":[{"href":"https:\/\/zonaroja.com.mx\/index.php?rest_route=\/wp\/v2\/posts\/21338","targetHints":{"allow":["GET"]}}],"collection":[{"href":"https:\/\/zonaroja.com.mx\/index.php?rest_route=\/wp\/v2\/posts"}],"about":[{"href":"https:\/\/zonaroja.com.mx\/index.php?rest_route=\/wp\/v2\/types\/post"}],"author":[{"embeddable":true,"href":"https:\/\/zonaroja.com.mx\/index.php?rest_route=\/wp\/v2\/users\/2"}],"replies":[{"embeddable":true,"href":"https:\/\/zonaroja.com.mx\/index.php?rest_route=%2Fwp%2Fv2%2Fcomments&post=21338"}],"version-history":[{"count":1,"href":"https:\/\/zonaroja.com.mx\/index.php?rest_route=\/wp\/v2\/posts\/21338\/revisions"}],"predecessor-version":[{"id":21340,"href":"https:\/\/zonaroja.com.mx\/index.php?rest_route=\/wp\/v2\/posts\/21338\/revisions\/21340"}],"wp:featuredmedia":[{"embeddable":true,"href":"https:\/\/zonaroja.com.mx\/index.php?rest_route=\/wp\/v2\/media\/21339"}],"wp:attachment":[{"href":"https:\/\/zonaroja.com.mx\/index.php?rest_route=%2Fwp%2Fv2%2Fmedia&parent=21338"}],"wp:term":[{"taxonomy":"category","embeddable":true,"href":"https:\/\/zonaroja.com.mx\/index.php?rest_route=%2Fwp%2Fv2%2Fcategories&post=21338"},{"taxonomy":"post_tag","embeddable":true,"href":"https:\/\/zonaroja.com.mx\/index.php?rest_route=%2Fwp%2Fv2%2Ftags&post=21338"}],"curies":[{"name":"wp","href":"https:\/\/api.w.org\/{rel}","templated":true}]}}