{"id":2134,"date":"2019-07-09T18:46:18","date_gmt":"2019-07-09T23:46:18","guid":{"rendered":"http:\/\/www.zonaroja.com.mx\/?p=2134"},"modified":"2019-07-09T18:49:05","modified_gmt":"2019-07-09T23:49:05","slug":"tres-asaltos-armados-a-cuentahabientes-en-tres-dias-con-tres-heridos","status":"publish","type":"post","link":"https:\/\/zonaroja.com.mx\/?p=2134","title":{"rendered":"Tres asaltos armados a cuentahabientes en nueve d\u00edas, con tres heridos"},"content":{"rendered":"\n<p>Ismael Garc\u00eda\nM.<\/p>\n\n\n\n<p>Oaxaca de\nJu\u00e1rez, Oax., 9 de julio de 2019.- En los primeros nueve d\u00edas de julio se han perpetrado\ntres asaltos a cuentahabientes a la salida de una sucursal bancaria en la capital\noaxaque\u00f1a, con el saldo de tres personas heridas de bala. S\u00f3lo en uno de los\ncasos hubo detenidos.<\/p>\n\n\n\n<p>Cerca del mediod\u00eda de este martes &#8211;a una semana de los dos hechos anteriores&#8211; se registr\u00f3 un atraco a un individuo, que sal\u00eda de la sucursal del banco Inbursa, ubicado en la avenida Universidad, en la colindancia de la ciudad de Oaxaca con Santa Cruz Xoxocotl\u00e1n.<\/p>\n\n\n\n<figure class=\"wp-block-embed-twitter wp-block-embed is-type-rich is-provider-twitter\"><div class=\"wp-block-embed__wrapper\">\n<div class=\"twitter-tweet\"><blockquote class=\"twitter-tweet\" data-lang=\"es\"><p lang=\"es\" dir=\"ltr\"><a href=\"https:\/\/twitter.com\/hashtag\/OaxacaRojo?src=hash&amp;ref_src=twsrc%5Etfw\">#OaxacaRojo<\/a><br>Un en\u00e9simo asalto violento se registr\u00f3 en la zona conurbada a la ciudad de <a href=\"https:\/\/twitter.com\/hashtag\/Oaxaca?src=hash&amp;ref_src=twsrc%5Etfw\">#Oaxaca<\/a>. En inmediaciones de la avenida Universidad, un cuentahabiente fue herido de bala, tras robarle alrededor de medio mill\u00f3n de pesos; ya hay dos personas detenidas. <a href=\"https:\/\/t.co\/hov5QZFqmF\">pic.twitter.com\/hov5QZFqmF<\/a><\/p>&mdash; Zona Roja Oaxaca (@MexRoja) <a href=\"https:\/\/twitter.com\/MexRoja\/status\/1148643010239840257?ref_src=twsrc%5Etfw\">9 de julio de 2019<\/a><\/blockquote><\/div>\n<\/div><\/figure>\n\n\n\n<p>Al menos dos\nsujetos a bordo de una motocicleta lo interceptaron, le quitaron un malet\u00edn con\nalrededor de 500 mil pesos, le dispararon en la espalda y se dieron a la fuga.<\/p>\n\n\n\n<p>En esta\nocasi\u00f3n, elementos de la Polic\u00eda Estatal reaccionaron de inmediato, iniciaron\nla b\u00fasqueda y aprehendieron a un probable asaltante a escasos metros del lugar\ndel atraco. <\/p>\n\n\n\n<p>Posteriormente fueron en persecuci\u00f3n de otro y con el apoyo de elementos de la Agencia Estatal de Investigaciones, ingresaron a la colonia Las Moras, de San Antonio de la Cal, donde lo detuvieron.<\/p>\n\n\n\n<figure class=\"wp-block-embed-twitter wp-block-embed is-type-rich is-provider-twitter\"><div class=\"wp-block-embed__wrapper\">\n<div class=\"twitter-tweet\"><blockquote class=\"twitter-tweet\" data-lang=\"es\"><p lang=\"es\" dir=\"ltr\"><a href=\"https:\/\/twitter.com\/hashtag\/OaxacaRosa?src=hash&amp;ref_src=twsrc%5Etfw\">#OaxacaRosa<\/a><br>Tras el asalto violento a un cuentahabiente, personal de la <a href=\"https:\/\/twitter.com\/AEI_Oaxaca?ref_src=twsrc%5Etfw\">@AEI_Oaxaca<\/a> recuper\u00f3 presuntamente s\u00f3lo una parte del bot\u00edn, que fue arrojado al r\u00edo \u201cSalado\u201d, en jurisdicci\u00f3n de San Antonio de la Cal, <a href=\"https:\/\/twitter.com\/hashtag\/Oaxaca?src=hash&amp;ref_src=twsrc%5Etfw\">#Oaxaca<\/a>. <a href=\"https:\/\/t.co\/EqKCFgLdCw\">pic.twitter.com\/EqKCFgLdCw<\/a><\/p>&mdash; Zona Roja Oaxaca (@MexRoja) <a href=\"https:\/\/twitter.com\/MexRoja\/status\/1148698271197646848?ref_src=twsrc%5Etfw\">9 de julio de 2019<\/a><\/blockquote><\/div>\n<\/div><\/figure>\n\n\n\n<p>Luego\nbuscaron en las orillas del r\u00edo \u201cSalado\u201d donde hallaron la bolsa de dinero,\naunque a\u00fan no se ha establecido si es la cantidad total del asalto. Uno de los\npresuntos maleantes fue identificado como Julio N., originario de Juchit\u00e1n de\nZaragoza.<\/p>\n\n\n\n<p>El lunes 1\nde julio ocurri\u00f3 el primer asalto a cuentahabiente del mes, a la salida de la\nsucursal de Banorte en la Plaza Oaxaca de la capital del estado; el hombre fue\nherido y despojado del dinero que reci\u00e9n hab\u00eda retirado; no hubo detenidos.<\/p>\n\n\n\n<p>Al d\u00eda\nsiguiente, el martes 2 de julio, se perpetr\u00f3 otro atraco, tambi\u00e9n a la salida de\nBanorte pero en la calzada Porfirio D\u00edaz, colonia Reforma, con el mismo modo de\noperar: individuos en motocicleta que dispararon a su v\u00edctima y huyeron.<\/p>\n","protected":false},"excerpt":{"rendered":"<p>Ismael Garc\u00eda M. Oaxaca de Ju\u00e1rez, Oax., 9 de julio de 2019.- En los primeros&hellip;<\/p>\n","protected":false},"author":2,"featured_media":2135,"comment_status":"closed","ping_status":"open","sticky":false,"template":"","format":"standard","meta":{"_lmt_disableupdate":"","_lmt_disable":"","_jetpack_memberships_contains_paid_content":false,"footnotes":""},"categories":[109,51],"tags":[324,148],"class_list":["post-2134","post","type-post","status-publish","format-standard","has-post-thumbnail","hentry","category-minuto-a-minuto","category-zona-roja","tag-asalto-a-cuentahabiente","tag-oaxaca-de-juarez"],"jetpack_featured_media_url":"https:\/\/zonaroja.com.mx\/wp-content\/uploads\/2019\/07\/IMG_7703.jpg","jetpack_sharing_enabled":true,"_links":{"self":[{"href":"https:\/\/zonaroja.com.mx\/index.php?rest_route=\/wp\/v2\/posts\/2134","targetHints":{"allow":["GET"]}}],"collection":[{"href":"https:\/\/zonaroja.com.mx\/index.php?rest_route=\/wp\/v2\/posts"}],"about":[{"href":"https:\/\/zonaroja.com.mx\/index.php?rest_route=\/wp\/v2\/types\/post"}],"author":[{"embeddable":true,"href":"https:\/\/zonaroja.com.mx\/index.php?rest_route=\/wp\/v2\/users\/2"}],"replies":[{"embeddable":true,"href":"https:\/\/zonaroja.com.mx\/index.php?rest_route=%2Fwp%2Fv2%2Fcomments&post=2134"}],"version-history":[{"count":2,"href":"https:\/\/zonaroja.com.mx\/index.php?rest_route=\/wp\/v2\/posts\/2134\/revisions"}],"predecessor-version":[{"id":2137,"href":"https:\/\/zonaroja.com.mx\/index.php?rest_route=\/wp\/v2\/posts\/2134\/revisions\/2137"}],"wp:featuredmedia":[{"embeddable":true,"href":"https:\/\/zonaroja.com.mx\/index.php?rest_route=\/wp\/v2\/media\/2135"}],"wp:attachment":[{"href":"https:\/\/zonaroja.com.mx\/index.php?rest_route=%2Fwp%2Fv2%2Fmedia&parent=2134"}],"wp:term":[{"taxonomy":"category","embeddable":true,"href":"https:\/\/zonaroja.com.mx\/index.php?rest_route=%2Fwp%2Fv2%2Fcategories&post=2134"},{"taxonomy":"post_tag","embeddable":true,"href":"https:\/\/zonaroja.com.mx\/index.php?rest_route=%2Fwp%2Fv2%2Ftags&post=2134"}],"curies":[{"name":"wp","href":"https:\/\/api.w.org\/{rel}","templated":true}]}}