{"id":21344,"date":"2020-12-17T10:27:36","date_gmt":"2020-12-17T16:27:36","guid":{"rendered":"http:\/\/www.zonaroja.com.mx\/?p=21344"},"modified":"2020-12-17T10:31:37","modified_gmt":"2020-12-17T16:31:37","slug":"deja-accidente-un-adulto-y-una-menor-fallecida-en-la-capital-de-oaxaca","status":"publish","type":"post","link":"https:\/\/zonaroja.com.mx\/?p=21344","title":{"rendered":"Deja accidente un adulto y una menor fallecida en la capital de Oaxaca"},"content":{"rendered":"\n<p>Ismael Garc\u00eda M.\/Zona Roja.<\/p>\n\n\n\n<p>Oaxaca de Ju\u00e1rez, Oax., 17 de diciembre de 2020.- Un adulto y una menor de edad fallecidos, as\u00ed como dos personas lesionadas, es el saldo de un accidente vehicular ocurrido la ma\u00f1ana de este jueves en la zona poniente de la ciudad de Oaxaca, en la colindancia con San Jacinto Amilpas.<\/p>\n\n\n\n<p>Fue en la carretera federal 190, a la altura del deportivo Brenamiel, en que un choche tipo Tsuru, marca Nissan, color gris, con placas de circulaci\u00f3n TLZ-5402, presuntamente fue impactado por una camioneta de pasajeros, tipo Urvan, marca Nissan, con placas de circulaci\u00f3n NDM-77-71, del Estado de M\u00e9xico, y que fue abandonada metros m\u00e1s adelante.<\/p>\n\n\n\n<figure class=\"wp-block-embed-twitter wp-block-embed is-type-rich is-provider-twitter\"><div class=\"wp-block-embed__wrapper\">\n<div class=\"twitter-tweet\"><blockquote class=\"twitter-tweet\" data-lang=\"es\"><p lang=\"es\" dir=\"ltr\"><a href=\"https:\/\/twitter.com\/hashtag\/%C3%9AltimoMinuto?src=hash&amp;ref_src=twsrc%5Etfw\">#\u00daltimoMinuto<\/a> <br>Al menos dos accidentes vehiculares han ocurrido esta ma\u00f1ana en la ciudad de Oaxaca; el m\u00e1s reciente caso, en la v\u00eda federal 190 Oaxaca-M\u00e9xico, a la altura de Brenamiel, con saldo de varias personas lesionadas. <a href=\"https:\/\/t.co\/vYMVt9g9ac\">pic.twitter.com\/vYMVt9g9ac<\/a><\/p>&mdash; Zona Roja Oaxaca (@MexRoja) <a href=\"https:\/\/twitter.com\/MexRoja\/status\/1339564151576944640?ref_src=twsrc%5Etfw\">17 de diciembre de 2020<\/a><\/blockquote><\/div>\n<\/div><\/figure>\n\n\n\n<p>Tras el impacto, el veh\u00edculo compacto choc\u00f3 con un \u00e1rbol del camell\u00f3n, lo que origin\u00f3 los saldos fatales. En el lugar qued\u00f3 fallecido el chofer del veh\u00edculo particular, a\u00fan no identificado, y la menor de aproximadamente dos a\u00f1os de edad, fue llevada a un hospital por param\u00e9dicos de la Cruz Roja Mexicana; sin embargo, debido a un paro cardiorespieratorio, no sobrevivi\u00f3.<\/p>\n\n\n\n<p>El chofer de la camioneta huy\u00f3 del lugar, dejando abandonada la unidad de motor a unos 500 metros del lugar del percance.<\/p>\n\n\n\n<figure class=\"wp-block-embed-twitter wp-block-embed is-type-rich is-provider-twitter\"><div class=\"wp-block-embed__wrapper\">\n<div class=\"twitter-tweet\"><blockquote class=\"twitter-tweet\" data-lang=\"es\"><p lang=\"es\" dir=\"ltr\"><a href=\"https:\/\/twitter.com\/hashtag\/%C3%9AltimoMinuto?src=hash&amp;ref_src=twsrc%5Etfw\">#\u00daltimoMinuto<\/a> <br>Una persona fallecida y 3 lesionadas es el saldo del accidente vehicular ocurrido esta ma\u00f1ana en la v\u00eda federal 190 Oaxaca-M\u00e9xico, a la altura de Brenamiel. El conductor de la camioneta de pasajeros que presuntamente origin\u00f3 el percance, abandon\u00f3 la unidad y huy\u00f3. <a href=\"https:\/\/t.co\/qKJfNulaW7\">pic.twitter.com\/qKJfNulaW7<\/a><\/p>&mdash; Zona Roja Oaxaca (@MexRoja) <a href=\"https:\/\/twitter.com\/MexRoja\/status\/1339582251265216512?ref_src=twsrc%5Etfw\">17 de diciembre de 2020<\/a><\/blockquote><\/div>\n<\/div><\/figure>\n","protected":false},"excerpt":{"rendered":"<p>Ismael Garc\u00eda M.\/Zona Roja. Oaxaca de Ju\u00e1rez, Oax., 17 de diciembre de 2020.- Un adulto&hellip;<\/p>\n","protected":false},"author":2,"featured_media":21345,"comment_status":"closed","ping_status":"open","sticky":false,"template":"","format":"standard","meta":{"_lmt_disableupdate":"","_lmt_disable":"","_jetpack_memberships_contains_paid_content":false,"footnotes":""},"categories":[109,51],"tags":[148],"class_list":["post-21344","post","type-post","status-publish","format-standard","has-post-thumbnail","hentry","category-minuto-a-minuto","category-zona-roja","tag-oaxaca-de-juarez"],"jetpack_featured_media_url":"https:\/\/zonaroja.com.mx\/wp-content\/uploads\/2020\/12\/Accidente-ciudad-de-Oaxaca.jpg","jetpack_sharing_enabled":true,"_links":{"self":[{"href":"https:\/\/zonaroja.com.mx\/index.php?rest_route=\/wp\/v2\/posts\/21344","targetHints":{"allow":["GET"]}}],"collection":[{"href":"https:\/\/zonaroja.com.mx\/index.php?rest_route=\/wp\/v2\/posts"}],"about":[{"href":"https:\/\/zonaroja.com.mx\/index.php?rest_route=\/wp\/v2\/types\/post"}],"author":[{"embeddable":true,"href":"https:\/\/zonaroja.com.mx\/index.php?rest_route=\/wp\/v2\/users\/2"}],"replies":[{"embeddable":true,"href":"https:\/\/zonaroja.com.mx\/index.php?rest_route=%2Fwp%2Fv2%2Fcomments&post=21344"}],"version-history":[{"count":2,"href":"https:\/\/zonaroja.com.mx\/index.php?rest_route=\/wp\/v2\/posts\/21344\/revisions"}],"predecessor-version":[{"id":21347,"href":"https:\/\/zonaroja.com.mx\/index.php?rest_route=\/wp\/v2\/posts\/21344\/revisions\/21347"}],"wp:featuredmedia":[{"embeddable":true,"href":"https:\/\/zonaroja.com.mx\/index.php?rest_route=\/wp\/v2\/media\/21345"}],"wp:attachment":[{"href":"https:\/\/zonaroja.com.mx\/index.php?rest_route=%2Fwp%2Fv2%2Fmedia&parent=21344"}],"wp:term":[{"taxonomy":"category","embeddable":true,"href":"https:\/\/zonaroja.com.mx\/index.php?rest_route=%2Fwp%2Fv2%2Fcategories&post=21344"},{"taxonomy":"post_tag","embeddable":true,"href":"https:\/\/zonaroja.com.mx\/index.php?rest_route=%2Fwp%2Fv2%2Ftags&post=21344"}],"curies":[{"name":"wp","href":"https:\/\/api.w.org\/{rel}","templated":true}]}}