{"id":21348,"date":"2020-12-17T10:39:20","date_gmt":"2020-12-17T16:39:20","guid":{"rendered":"http:\/\/www.zonaroja.com.mx\/?p=21348"},"modified":"2020-12-17T10:39:25","modified_gmt":"2020-12-17T16:39:25","slug":"cede-la-uabjo-derechos-de-la-maestria-en-educacion-comunal-a-la-uaco","status":"publish","type":"post","link":"https:\/\/zonaroja.com.mx\/?p=21348","title":{"rendered":"Cede la UABJO derechos de la Maestr\u00eda en Educaci\u00f3n Comunal a la UACO"},"content":{"rendered":"\n<p>Redacci\u00f3n\/Zona Roja.<\/p>\n\n\n\n<p>Oaxaca de Ju\u00e1rez, Oax., 17 de diciembre de 2020.- La Universidad Aut\u00f3noma \u201cBenito Ju\u00e1rez\u201d de Oaxaca (UABJO) cedi\u00f3 los derechos de la Maestr\u00eda en Educaci\u00f3n Comunal a la Universidad Aut\u00f3noma Comunal de Oaxaca (UACO).<\/p>\n\n\n\n<p>Dicha acci\u00f3n se realiz\u00f3 de manera formal, mediante un convenio interinstitucional, que fue firmado por los rectores de ambas universidades, Eduardo Bautista Mart\u00ednez y Jaime Luna Mart\u00ednez, respectivamente, as\u00ed tambi\u00e9n como testigo de honor, el director del Instituto de Ciencias de la Educaci\u00f3n (ICE), H\u00e9ctor Aguilar Aguilar.<\/p>\n\n\n\n<p>Cabe destacar que este programa se aprob\u00f3 por el Consejo Universitario el 20 de mayo de 2014 y a partir de esa fecha se abri\u00f3 desde el ICE, con una estructura curricular de cuatro ejes formativos: filosof\u00eda natural, educaci\u00f3n comunal, reproducci\u00f3n social e investigaci\u00f3n.<\/p>\n\n\n\n<p>Al respecto, el rector Eduardo Bautista Mart\u00ednez dijo que este posgrado fue el resultado de un trabajo que busca dar respuesta a las necesidades que emanan de las comunidades de nuestro estado, en particular y del pa\u00eds en general.<\/p>\n\n\n\n<p>\u201cEsta maestr\u00eda rinde un homenaje al conocimiento comunitario, que por generaciones y generaciones ha sido objeto de discriminaci\u00f3n y a su vez es una referencia de nuestro compromiso asumido como instituci\u00f3n educativa y social, que reconoce a las comunidades como espacios de gran valor, en donde se generan saberes que deben ser transmitidos\u201d, agreg\u00f3.<\/p>\n\n\n\n<figure class=\"wp-block-embed-twitter wp-block-embed is-type-rich is-provider-twitter\"><div class=\"wp-block-embed__wrapper\">\n<div class=\"twitter-tweet\"><blockquote class=\"twitter-tweet\" data-lang=\"es\"><p lang=\"es\" dir=\"ltr\">Esta tarde se llev\u00f3 a acabo la firma del convenio de cesi\u00f3n de derecho del Programa Educativo de la Maestr\u00eda en Educaci\u00f3n Comunal en favor de la Universidad Aut\u00f3noma Comunal Oaxaca (UACO). <a href=\"https:\/\/twitter.com\/hashtag\/ICEUABJO?src=hash&amp;ref_src=twsrc%5Etfw\">#ICEUABJO<\/a> <a href=\"https:\/\/twitter.com\/hashtag\/CienciaArteLibertad?src=hash&amp;ref_src=twsrc%5Etfw\">#CienciaArteLibertad<\/a> <a href=\"https:\/\/t.co\/0umU9yIuXy\">pic.twitter.com\/0umU9yIuXy<\/a><\/p>&mdash; ICEUABJO (@ICE_UABJO) <a href=\"https:\/\/twitter.com\/ICE_UABJO\/status\/1336404303020314625?ref_src=twsrc%5Etfw\">8 de diciembre de 2020<\/a><\/blockquote><\/div>\n<\/div><\/figure>\n\n\n\n<p>Expres\u00f3 que las universidades deben nutrirse de la comunalidad y de todos sus conceptos, para transformar el sistema educativo tan necesario en nuestra sociedad.<\/p>\n\n\n\n<p>Por su parte, el rector Jaime Mart\u00ednez, quien adem\u00e1s durante a\u00f1os ha sido docente del ICE, celebr\u00f3 el acompa\u00f1amiento y la sensibilidad de la m\u00e1xima casa de estudios de Oaxaca, por esta cesi\u00f3n de derechos y por continuar con proyectos de colaboraci\u00f3n con la UACO, basados en enfoques comunitarios y humanistas, que permitan generar aprendizajes significativos a trav\u00e9s de la cultura y las lenguas originarias.<\/p>\n\n\n\n<p>Ambos compartieron que el objetivo principal de lo convenido, es permitir que la maestr\u00eda crezca en un contexto id\u00f3neo, donde la investigaci\u00f3n y la consolidaci\u00f3n epistemol\u00f3gica se sustente en pr\u00e1cticas profesionales diarias, as\u00ed como en el campo laboral al que est\u00e1 dirigida.<\/p>\n\n\n\n<p>En este acto tambi\u00e9n participaron como testigos, docentes de ambas instituciones, por la UACO, Rigoberto V\u00e1squez Garc\u00eda y por la UABJO, Luis Enrique Ram\u00edrez L\u00f3pez.<\/p>\n","protected":false},"excerpt":{"rendered":"<p>Redacci\u00f3n\/Zona Roja. Oaxaca de Ju\u00e1rez, Oax., 17 de diciembre de 2020.- La Universidad Aut\u00f3noma \u201cBenito&hellip;<\/p>\n","protected":false},"author":2,"featured_media":21349,"comment_status":"closed","ping_status":"open","sticky":false,"template":"","format":"standard","meta":{"_lmt_disableupdate":"","_lmt_disable":"","_jetpack_memberships_contains_paid_content":false,"footnotes":""},"categories":[109,46],"tags":[282],"class_list":["post-21348","post","type-post","status-publish","format-standard","has-post-thumbnail","hentry","category-minuto-a-minuto","category-zona-blanca","tag-universidad-autonoma-benito-juarez-de-oaxaca"],"jetpack_featured_media_url":"https:\/\/zonaroja.com.mx\/wp-content\/uploads\/2020\/12\/UABJO-Comunal.jpg","jetpack_sharing_enabled":true,"_links":{"self":[{"href":"https:\/\/zonaroja.com.mx\/index.php?rest_route=\/wp\/v2\/posts\/21348","targetHints":{"allow":["GET"]}}],"collection":[{"href":"https:\/\/zonaroja.com.mx\/index.php?rest_route=\/wp\/v2\/posts"}],"about":[{"href":"https:\/\/zonaroja.com.mx\/index.php?rest_route=\/wp\/v2\/types\/post"}],"author":[{"embeddable":true,"href":"https:\/\/zonaroja.com.mx\/index.php?rest_route=\/wp\/v2\/users\/2"}],"replies":[{"embeddable":true,"href":"https:\/\/zonaroja.com.mx\/index.php?rest_route=%2Fwp%2Fv2%2Fcomments&post=21348"}],"version-history":[{"count":1,"href":"https:\/\/zonaroja.com.mx\/index.php?rest_route=\/wp\/v2\/posts\/21348\/revisions"}],"predecessor-version":[{"id":21350,"href":"https:\/\/zonaroja.com.mx\/index.php?rest_route=\/wp\/v2\/posts\/21348\/revisions\/21350"}],"wp:featuredmedia":[{"embeddable":true,"href":"https:\/\/zonaroja.com.mx\/index.php?rest_route=\/wp\/v2\/media\/21349"}],"wp:attachment":[{"href":"https:\/\/zonaroja.com.mx\/index.php?rest_route=%2Fwp%2Fv2%2Fmedia&parent=21348"}],"wp:term":[{"taxonomy":"category","embeddable":true,"href":"https:\/\/zonaroja.com.mx\/index.php?rest_route=%2Fwp%2Fv2%2Fcategories&post=21348"},{"taxonomy":"post_tag","embeddable":true,"href":"https:\/\/zonaroja.com.mx\/index.php?rest_route=%2Fwp%2Fv2%2Ftags&post=21348"}],"curies":[{"name":"wp","href":"https:\/\/api.w.org\/{rel}","templated":true}]}}