{"id":21351,"date":"2020-12-17T13:22:25","date_gmt":"2020-12-17T19:22:25","guid":{"rendered":"http:\/\/www.zonaroja.com.mx\/?p=21351"},"modified":"2020-12-17T13:22:31","modified_gmt":"2020-12-17T19:22:31","slug":"asesinan-a-un-individuo-a-dos-cuadras-del-palacio-municipal-de-tlalixtac-de-cabrera","status":"publish","type":"post","link":"https:\/\/zonaroja.com.mx\/?p=21351","title":{"rendered":"Asesinan a un individuo a dos cuadras del palacio municipal de Tlalixtac de Cabrera"},"content":{"rendered":"\n<p>Redacci\u00f3n\/Zona Roja.<\/p>\n\n\n\n<p>Oaxaca de Ju\u00e1rez, Oax., 17 de diciembre de 2020.-&nbsp; La zona conurbada a la capital, en la regi\u00f3n de Valles Centrales, vuelve a ser azotada por la violencia, donde se registr\u00f3 la ejecuci\u00f3n con arma de fuego de un var\u00f3n.<\/p>\n\n\n\n<p>El crimen se perpetr\u00f3 en el municipio de Tlalixtac de Cabrera, donde a plena luz del d\u00eda y en la v\u00eda p\u00fablica, un var\u00f3n fue atacado con disparos de armas, perdiendo la vida en el lugar. Elementos municipales y topiles llegaron tarde al lugar de la escena, s\u00f3lo para resguardar evidencias.<\/p>\n\n\n\n<p>De acuerdo al reporte policial, el homicidio doloso se desarroll\u00f3 en la calle de Benito Ju\u00e1rez, vialidad principal de la cabecera municipal, a dos cuadras del palacio municipal.<\/p>\n\n\n\n<figure class=\"wp-block-embed-twitter wp-block-embed is-type-rich is-provider-twitter\"><div class=\"wp-block-embed__wrapper\">\n<div class=\"twitter-tweet\"><blockquote class=\"twitter-tweet\" data-lang=\"es\"><p lang=\"es\" dir=\"ltr\"><a href=\"https:\/\/twitter.com\/hashtag\/%C3%9AltimoMinuto?src=hash&amp;ref_src=twsrc%5Etfw\">#\u00daltimoMinuto<\/a> <br>Como Jos\u00e9 David V. M. fue identificada de manara preliminar la persona asesinada este ma\u00f1ana en la calle Benito Ju\u00e1rez de <a href=\"https:\/\/twitter.com\/hashtag\/Tlalixtac?src=hash&amp;ref_src=twsrc%5Etfw\">#Tlalixtac<\/a> de Cabrera, <a href=\"https:\/\/twitter.com\/hashtag\/Oaxaca?src=hash&amp;ref_src=twsrc%5Etfw\">#Oaxaca<\/a>, a dos cuadras del palacio municipal. <a href=\"https:\/\/t.co\/sMJwZTa9Bu\">pic.twitter.com\/sMJwZTa9Bu<\/a><\/p>&mdash; Zona Roja Oaxaca (@MexRoja) <a href=\"https:\/\/twitter.com\/MexRoja\/status\/1339644013427748867?ref_src=twsrc%5Etfw\">17 de diciembre de 2020<\/a><\/blockquote><\/div>\n<\/div><\/figure>\n\n\n\n<p>Al lugar arribaron elementos de la Agencia Estatal de Investigaci\u00f3n para realizar las diligencias correspondientes. La v\u00edctima fue identificada de manera preliminar como Jos\u00e9 David V. M. quien recibi\u00f3 cuatro impactos de armas de fuego.<\/p>\n\n\n\n<p>Este municipio, gobernado por Sistemas Normativos Internos (SNI), tambi\u00e9n fue escenario del asesinato de una mujer de 65 a\u00f1os de edad, el domingo pasado, ocurrido en la v\u00eda p\u00fablica; en ambos casos hasta el momento no hay personas detenidas.<\/p>\n","protected":false},"excerpt":{"rendered":"<p>Redacci\u00f3n\/Zona Roja. Oaxaca de Ju\u00e1rez, Oax., 17 de diciembre de 2020.-&nbsp; La zona conurbada a&hellip;<\/p>\n","protected":false},"author":2,"featured_media":21352,"comment_status":"closed","ping_status":"open","sticky":false,"template":"","format":"standard","meta":{"_lmt_disableupdate":"","_lmt_disable":"","_jetpack_memberships_contains_paid_content":false,"footnotes":""},"categories":[109,51],"tags":[1259],"class_list":["post-21351","post","type-post","status-publish","format-standard","has-post-thumbnail","hentry","category-minuto-a-minuto","category-zona-roja","tag-tlalixtac-de-cabrera"],"jetpack_featured_media_url":"https:\/\/zonaroja.com.mx\/wp-content\/uploads\/2020\/12\/Asesinato-Tlaixtac.jpg","jetpack_sharing_enabled":true,"_links":{"self":[{"href":"https:\/\/zonaroja.com.mx\/index.php?rest_route=\/wp\/v2\/posts\/21351","targetHints":{"allow":["GET"]}}],"collection":[{"href":"https:\/\/zonaroja.com.mx\/index.php?rest_route=\/wp\/v2\/posts"}],"about":[{"href":"https:\/\/zonaroja.com.mx\/index.php?rest_route=\/wp\/v2\/types\/post"}],"author":[{"embeddable":true,"href":"https:\/\/zonaroja.com.mx\/index.php?rest_route=\/wp\/v2\/users\/2"}],"replies":[{"embeddable":true,"href":"https:\/\/zonaroja.com.mx\/index.php?rest_route=%2Fwp%2Fv2%2Fcomments&post=21351"}],"version-history":[{"count":1,"href":"https:\/\/zonaroja.com.mx\/index.php?rest_route=\/wp\/v2\/posts\/21351\/revisions"}],"predecessor-version":[{"id":21353,"href":"https:\/\/zonaroja.com.mx\/index.php?rest_route=\/wp\/v2\/posts\/21351\/revisions\/21353"}],"wp:featuredmedia":[{"embeddable":true,"href":"https:\/\/zonaroja.com.mx\/index.php?rest_route=\/wp\/v2\/media\/21352"}],"wp:attachment":[{"href":"https:\/\/zonaroja.com.mx\/index.php?rest_route=%2Fwp%2Fv2%2Fmedia&parent=21351"}],"wp:term":[{"taxonomy":"category","embeddable":true,"href":"https:\/\/zonaroja.com.mx\/index.php?rest_route=%2Fwp%2Fv2%2Fcategories&post=21351"},{"taxonomy":"post_tag","embeddable":true,"href":"https:\/\/zonaroja.com.mx\/index.php?rest_route=%2Fwp%2Fv2%2Ftags&post=21351"}],"curies":[{"name":"wp","href":"https:\/\/api.w.org\/{rel}","templated":true}]}}