{"id":21355,"date":"2020-12-17T15:24:09","date_gmt":"2020-12-17T21:24:09","guid":{"rendered":"https:\/\/www.zonaroja.com.mx\/?p=21355"},"modified":"2020-12-17T15:24:13","modified_gmt":"2020-12-17T21:24:13","slug":"protesta-de-docentes-con-pagos-pendientes-llega-a-la-ciudad-de-mexico","status":"publish","type":"post","link":"https:\/\/zonaroja.com.mx\/?p=21355","title":{"rendered":"Protesta de docentes con pagos pendientes llega a la Ciudad de M\u00e9xico"},"content":{"rendered":"\n<p class=\"MsoNormal\">Evlin Arag\u00f3n\/Zona Roja. <\/p>\n\n\n\n<p class=\"MsoNormal\">Oaxaca de Ju\u00e1rez, Oax., 17 de diciembre de 2020.- Docentes y personal administrativo de la Secci\u00f3n 22 del Sindicato Nacional de Trabajadores de la Educaci\u00f3n (SNTE), adscrito al nivel de Secundarias, arribaron a las afueras de <a href=\"\/\/0\">Palacio Nacional en la Ciudad de M\u00e9xico<\/a> para protestar ante la falta de pago que argumenta no ha cubierto el gobierno de Oaxaca.  <\/p>\n\n\n\n<p class=\"MsoNormal\">Desde muy temprana hora, un aproximado de 20 docentes, con pancarta en mano, iniciaron su manifestaci\u00f3n en la capital del pa\u00eds, en la cual denunciaron que pese al compromiso de las autoridades estales de cubrir los pagos faltantes el d\u00eda de ayer, el dep\u00f3sito no se concret\u00f3.<\/p>\n\n\n\n<p class=\"MsoNormal\">\u201cOaxaca exige soluci\u00f3n inmediata a los pagos\u201d, cita una de las cartulinas que desplegaron en su protesta, a la par que exigieron la intervenci\u00f3n del presidente de la Rep\u00fablica, Andr\u00e9s Manuel L\u00f3pez Obrador, ya que aseguran llevan meses solicitando que se haga efectivo el pago prometido.&nbsp;&nbsp;&nbsp;<\/p>\n\n\n\n<p class=\"MsoNormal\">Previamente, <a href=\"\/\/2\">este mi\u00e9rcoles por la ma\u00f1ana<\/a>, se manifestaron en las oficinas de pagadur\u00eda del Instituto Estatal de Educci\u00f3n P\u00fablica de Oaxaca (IEEPO), en donde les hicieron de conocimiento que el recurso a\u00fan no estaba disponible para ser cobrado.  <\/p>\n\n\n\n<p class=\"MsoNormal\">As\u00ed mismo desde hace meses, personal docente y administrativos de la Secci\u00f3n 22 exige el pago pendiente, luego de ser afectados con la \u201cmal llamada reforma educativa\u201d y han acusado al titular del IEEPO, Francisco \u00c1ngel Villareal de \u201cjinetear\u201d el recurso aprobado para la solventar incidencias, que asciende a los m\u00e1s de mil millones de pesos  <\/p>\n\n\n\n<p class=\"MsoNormal\">As\u00ed mismo han recriminado a la dirigencia de la gremial, encabezada por Eloy L\u00f3pez Hern\u00e1ndez, de no tomar en serio la demanda de la base trabajadora que tiene pendiente el cobro de horas adicionales, entre otros pendientes.&nbsp;&nbsp;&nbsp;<\/p>\n\n\n\n<p class=\"MsoNormal\">Finalmente han dado a conocer que las incidencias son desde el 2014 y se extienden hasta el 2019, periodo en el que la base docente se vio seriamente afectada con los cambios que trajo la reforma impuesta por Enrique Pe\u00f1a Nieto y que se echo abajo con el cambio de gobierno.  <\/p>\n","protected":false},"excerpt":{"rendered":"<p>Evlin Arag\u00f3n\/Zona Roja. Oaxaca de Ju\u00e1rez, Oax., 17 de diciembre de 2020.- Docentes y personal&hellip;<\/p>\n","protected":false},"author":2,"featured_media":21354,"comment_status":"closed","ping_status":"open","sticky":false,"template":"","format":"standard","meta":{"_lmt_disableupdate":"","_lmt_disable":"","_jetpack_memberships_contains_paid_content":false,"footnotes":""},"categories":[109,47],"tags":[],"class_list":["post-21355","post","type-post","status-publish","format-standard","has-post-thumbnail","hentry","category-minuto-a-minuto","category-zona-gris"],"jetpack_featured_media_url":"https:\/\/zonaroja.com.mx\/wp-content\/uploads\/2020\/12\/340e896d-8df4-4b83-a040-6d14088438cb.jpg","jetpack_sharing_enabled":true,"_links":{"self":[{"href":"https:\/\/zonaroja.com.mx\/index.php?rest_route=\/wp\/v2\/posts\/21355","targetHints":{"allow":["GET"]}}],"collection":[{"href":"https:\/\/zonaroja.com.mx\/index.php?rest_route=\/wp\/v2\/posts"}],"about":[{"href":"https:\/\/zonaroja.com.mx\/index.php?rest_route=\/wp\/v2\/types\/post"}],"author":[{"embeddable":true,"href":"https:\/\/zonaroja.com.mx\/index.php?rest_route=\/wp\/v2\/users\/2"}],"replies":[{"embeddable":true,"href":"https:\/\/zonaroja.com.mx\/index.php?rest_route=%2Fwp%2Fv2%2Fcomments&post=21355"}],"version-history":[{"count":1,"href":"https:\/\/zonaroja.com.mx\/index.php?rest_route=\/wp\/v2\/posts\/21355\/revisions"}],"predecessor-version":[{"id":21356,"href":"https:\/\/zonaroja.com.mx\/index.php?rest_route=\/wp\/v2\/posts\/21355\/revisions\/21356"}],"wp:featuredmedia":[{"embeddable":true,"href":"https:\/\/zonaroja.com.mx\/index.php?rest_route=\/wp\/v2\/media\/21354"}],"wp:attachment":[{"href":"https:\/\/zonaroja.com.mx\/index.php?rest_route=%2Fwp%2Fv2%2Fmedia&parent=21355"}],"wp:term":[{"taxonomy":"category","embeddable":true,"href":"https:\/\/zonaroja.com.mx\/index.php?rest_route=%2Fwp%2Fv2%2Fcategories&post=21355"},{"taxonomy":"post_tag","embeddable":true,"href":"https:\/\/zonaroja.com.mx\/index.php?rest_route=%2Fwp%2Fv2%2Ftags&post=21355"}],"curies":[{"name":"wp","href":"https:\/\/api.w.org\/{rel}","templated":true}]}}