{"id":21357,"date":"2020-12-17T16:52:10","date_gmt":"2020-12-17T22:52:10","guid":{"rendered":"http:\/\/www.zonaroja.com.mx\/?p=21357"},"modified":"2020-12-17T16:52:14","modified_gmt":"2020-12-17T22:52:14","slug":"teme-por-su-vida-docente-despedida-de-la-unistmo-insiste-en-su-reinstalacion","status":"publish","type":"post","link":"https:\/\/zonaroja.com.mx\/?p=21357","title":{"rendered":"Teme por su vida docente despedida de la Unistmo; insiste en su reinstalaci\u00f3n"},"content":{"rendered":"\n<p>Evlin Arag\u00f3n\/Zona Roja.<\/p>\n\n\n\n<p>Oaxaca de Ju\u00e1rez, Oax., 17 de diciembre de 2020.- \u201cAhora temo m\u00e1s por mi seguridad y mi vida. Porque est\u00e1n demostrando que la palabra del gobernador est\u00e1 por debajo de la palabra de Modesto Seara y de la Unistmo y eso es muy grave\u201d.&nbsp;&nbsp;<\/p>\n\n\n\n<p>Son las palabras de Virginia Ilescas Vela, docente de la Universidad del Istmo, campus Ciudad Ixtepec, quien recientemente fue despedida de forma arbitraria por la autoridad educativa, luego de respaldar la denuncia de acoso y abuso sexual que hicieran p\u00fablica desde el 8 de marzo, j\u00f3venes estudiantes del plantel.&nbsp;<\/p>\n\n\n\n<p>En conferencia de prensa virtual, asegur\u00f3 que es aterrador que, aunque de viva voz del gobernador Alejandro Murat Hinojosa hubo una instrucci\u00f3n de reinstalarla y cubrir sus pagos pendientes, las autoridades educativas hagan caso omiso a quien representa la m\u00e1xima autoridad en la entidad y tomen decisiones que adem\u00e1s vulneran sus derechos humanos y laborales.&nbsp;&nbsp;<\/p>\n\n\n\n<p>Explic\u00f3 que el martes 15 de diciembre, ya por la tarde, recibi\u00f3 llamadas a su n\u00famero particular -el cual adem\u00e1s no hab\u00eda proporcionado a las autoridades educativas- con la intenci\u00f3n de que acudiera a la instituci\u00f3n por el cheque que correspond\u00eda a su finiquito.&nbsp;<\/p>\n\n\n\n<p>Lo anterior en ning\u00fan momento correspond\u00eda con lo acordado en la reuni\u00f3n sostenida el d\u00eda 6 de diciembre entre las integrantes de la Red Interinstitucional de Prevenci\u00f3n y Atenci\u00f3n a casos de Violencia Familiar y Sexual en la regi\u00f3n del Istmo de Tehuantepec, con los titulares de las secretar\u00edas General de Gobierno y de las Mujeres Oaxaque\u00f1as, as\u00ed mismo de la Coordinaci\u00f3n General de Educaci\u00f3n Media Superior, Ciencia y Tecnolog\u00eda del Gobierno del Estado.<\/p>\n\n\n\n<p>\u201cNosotras cre\u00edmos en la palabra del gobernador y de las personas que estuvieron en la reuni\u00f3n con nosotras, por ello no exigimos que se firmara un document\u00f3, sin embargo, otra vez pretenden burlarse de las organizaciones sociales, de las defensoras de derechos humanos y no lo vamos a permitir\u201d, dijo la representante de Mexfam.&nbsp;<\/p>\n\n\n\n<p>Por lo anterior, indic\u00f3, mantendr\u00e1n la exigencia a las autoridades estatales y aseguraron se mantendr\u00e1n a la espera de la intervenci\u00f3n del mandatario estatal para hacer cumplir su palabra, y demostrar el compromiso que asegura tener con las mujeres.&nbsp;&nbsp;&nbsp;<\/p>\n\n\n\n<p>\u201cLa maestra Virginia no est\u00e1 sola, detr\u00e1s de ella est\u00e1 toda una red y no vamos a parar hasta que se haga justicia y le restituyan sus derechos laborales y se cumplan los acuerdos\u201d, sentenciaron las intengrantes de organismos civiles.&nbsp;&nbsp;<\/p>\n\n\n\n<p>Ante la inconformidad que ha presentado la Red, las autoridades estatales se comprometieron, desde el d\u00eda de ayer, a regularizar los pagos de n\u00f3mina a partir de 17 de diciembre, ello como primer paso de acuerdo con los compromisos del gobernador, despu\u00e9s tendr\u00eda que venir la reinstalaci\u00f3n.&nbsp;<\/p>\n\n\n\n<p>Posteriormente, se espera que se pueda hacer la intervenci\u00f3n prometida de las autoridades estatales, en conjunto con las organizaciones sociales y las defensoras de derechos humanos en la regi\u00f3n, para la elaboraci\u00f3n de protocolos de atenci\u00f3n a la violencia al interior de las instituciones educativas.&nbsp;&nbsp;<\/p>\n\n\n\n<p>Finalmente indicaron que en caso de insistir con la omisi\u00f3n de los compromisos acudir\u00e1n a instancias federales, en el entendido que Modesto Seara est\u00e1 por encima del gobernador del estado y la palabra prometida del mismo.&nbsp;<\/p>\n","protected":false},"excerpt":{"rendered":"<p>Evlin Arag\u00f3n\/Zona Roja. Oaxaca de Ju\u00e1rez, Oax., 17 de diciembre de 2020.- \u201cAhora temo m\u00e1s&hellip;<\/p>\n","protected":false},"author":2,"featured_media":20957,"comment_status":"closed","ping_status":"open","sticky":false,"template":"","format":"standard","meta":{"_lmt_disableupdate":"","_lmt_disable":"","_jetpack_memberships_contains_paid_content":false,"footnotes":""},"categories":[109,47],"tags":[2281],"class_list":["post-21357","post","type-post","status-publish","format-standard","has-post-thumbnail","hentry","category-minuto-a-minuto","category-zona-gris","tag-virginia-ilescas-vela"],"jetpack_featured_media_url":"https:\/\/zonaroja.com.mx\/wp-content\/uploads\/2020\/12\/Virginia-Ilescas-Unitsmo.jpg","jetpack_sharing_enabled":true,"_links":{"self":[{"href":"https:\/\/zonaroja.com.mx\/index.php?rest_route=\/wp\/v2\/posts\/21357","targetHints":{"allow":["GET"]}}],"collection":[{"href":"https:\/\/zonaroja.com.mx\/index.php?rest_route=\/wp\/v2\/posts"}],"about":[{"href":"https:\/\/zonaroja.com.mx\/index.php?rest_route=\/wp\/v2\/types\/post"}],"author":[{"embeddable":true,"href":"https:\/\/zonaroja.com.mx\/index.php?rest_route=\/wp\/v2\/users\/2"}],"replies":[{"embeddable":true,"href":"https:\/\/zonaroja.com.mx\/index.php?rest_route=%2Fwp%2Fv2%2Fcomments&post=21357"}],"version-history":[{"count":1,"href":"https:\/\/zonaroja.com.mx\/index.php?rest_route=\/wp\/v2\/posts\/21357\/revisions"}],"predecessor-version":[{"id":21358,"href":"https:\/\/zonaroja.com.mx\/index.php?rest_route=\/wp\/v2\/posts\/21357\/revisions\/21358"}],"wp:featuredmedia":[{"embeddable":true,"href":"https:\/\/zonaroja.com.mx\/index.php?rest_route=\/wp\/v2\/media\/20957"}],"wp:attachment":[{"href":"https:\/\/zonaroja.com.mx\/index.php?rest_route=%2Fwp%2Fv2%2Fmedia&parent=21357"}],"wp:term":[{"taxonomy":"category","embeddable":true,"href":"https:\/\/zonaroja.com.mx\/index.php?rest_route=%2Fwp%2Fv2%2Fcategories&post=21357"},{"taxonomy":"post_tag","embeddable":true,"href":"https:\/\/zonaroja.com.mx\/index.php?rest_route=%2Fwp%2Fv2%2Ftags&post=21357"}],"curies":[{"name":"wp","href":"https:\/\/api.w.org\/{rel}","templated":true}]}}