{"id":21359,"date":"2020-12-17T16:59:17","date_gmt":"2020-12-17T22:59:17","guid":{"rendered":"http:\/\/www.zonaroja.com.mx\/?p=21359"},"modified":"2020-12-17T16:59:20","modified_gmt":"2020-12-17T22:59:20","slug":"victimas-de-nochixtlan-anuncian-jornada-nacional-para-alcanzar-justicia","status":"publish","type":"post","link":"https:\/\/zonaroja.com.mx\/?p=21359","title":{"rendered":"Victimas de Nochixtl\u00e1n anuncian jornada nacional para alcanzar justicia"},"content":{"rendered":"\n<p>Yuridiana Sosa\/Zona Roja.<\/p>\n\n\n\n<p>Oaxaca de Ju\u00e1rez, Oax., 17 de diciembre de 2020.- A m\u00e1s de cuatro a\u00f1os de los hechos violentos en Asunci\u00f3n Nochixtl\u00e1n, integrantes del Comit\u00e9 de V\u00edctimas por Justicia y Verdad \u201c19 de junio\u201d, anunciaron que emprender\u00e1n una \u201cjornada nacional de lucha por la dignificaci\u00f3n de los ca\u00eddos, presos pol\u00edticos y torturados por la reforma educativa\u201d.<\/p>\n\n\n\n<p>En conferencia de prensa, este jueves, los integrantes de distintas organizaciones que respaldan al Comit\u00e9 de V\u00edctimas, apuntaron que el movimiento est\u00e1 programado para el pr\u00f3ximo 21 de diciembre, pues apuntaron, \u201clas v\u00edctimas nos hemos enfrentado al olvido, marginaci\u00f3n y la pol\u00edtica de o\u00eddos sordos de las diferentes instancias de gobierno\u201d.<\/p>\n\n\n\n<p>Motivo por el que realizaron un llamado abierto a organizaciones nacionales e internacionales que se sumen a la exigencia de justicia por las v\u00edctimas mortales y lesionadas por el enfrentamiento registrado el 19 de junio de 2016 entre la Secci\u00f3n 22 del SNTE y poblaci\u00f3n con la Polic\u00eda Federal y Estatal.<\/p>\n\n\n\n<p>Los manifestantes sentenciaron que no basta con disculpas p\u00fablicas sobre el hecho, por lo que exigen como una muestra de justicia enjuiciar a los responsables, autores materiales e intelectuales, en casi espec\u00edfico se\u00f1alaron investigaciones contra el ex presidente Enrique Pe\u00f1a Nieto; el ex gobernador de Oaxaca, Gabino Cu\u00e9 y el secretario de Gobernaci\u00f3n, Miguel \u00c1ngel Osorio Chong.<\/p>\n\n\n\n<p>\u201cCon tristeza vemos que el caso de Nochixtl\u00e1n no es prioridad en la agenda presidencial (actual) y ha puesto de manifiesto el acuerdo entre el partido del poder y la c\u00fapula priista responsable de la masacre\u201d indicaron.<\/p>\n\n\n\n<p>Pero, adem\u00e1s, apuntaron, los avances de las investigaciones que hasta el momento existen son por las contribuciones que han realizado las v\u00edctimas y las familias de las v\u00edctimas.<\/p>\n","protected":false},"excerpt":{"rendered":"<p>Yuridiana Sosa\/Zona Roja. Oaxaca de Ju\u00e1rez, Oax., 17 de diciembre de 2020.- A m\u00e1s de&hellip;<\/p>\n","protected":false},"author":2,"featured_media":21360,"comment_status":"closed","ping_status":"open","sticky":false,"template":"","format":"standard","meta":{"_lmt_disableupdate":"","_lmt_disable":"","_jetpack_memberships_contains_paid_content":false,"footnotes":""},"categories":[109,47],"tags":[249],"class_list":["post-21359","post","type-post","status-publish","format-standard","has-post-thumbnail","hentry","category-minuto-a-minuto","category-zona-gris","tag-comite-de-victimas-nochixtlan"],"jetpack_featured_media_url":"https:\/\/zonaroja.com.mx\/wp-content\/uploads\/2020\/12\/Conferencia-comite-de-victimas.jpg","jetpack_sharing_enabled":true,"_links":{"self":[{"href":"https:\/\/zonaroja.com.mx\/index.php?rest_route=\/wp\/v2\/posts\/21359","targetHints":{"allow":["GET"]}}],"collection":[{"href":"https:\/\/zonaroja.com.mx\/index.php?rest_route=\/wp\/v2\/posts"}],"about":[{"href":"https:\/\/zonaroja.com.mx\/index.php?rest_route=\/wp\/v2\/types\/post"}],"author":[{"embeddable":true,"href":"https:\/\/zonaroja.com.mx\/index.php?rest_route=\/wp\/v2\/users\/2"}],"replies":[{"embeddable":true,"href":"https:\/\/zonaroja.com.mx\/index.php?rest_route=%2Fwp%2Fv2%2Fcomments&post=21359"}],"version-history":[{"count":1,"href":"https:\/\/zonaroja.com.mx\/index.php?rest_route=\/wp\/v2\/posts\/21359\/revisions"}],"predecessor-version":[{"id":21361,"href":"https:\/\/zonaroja.com.mx\/index.php?rest_route=\/wp\/v2\/posts\/21359\/revisions\/21361"}],"wp:featuredmedia":[{"embeddable":true,"href":"https:\/\/zonaroja.com.mx\/index.php?rest_route=\/wp\/v2\/media\/21360"}],"wp:attachment":[{"href":"https:\/\/zonaroja.com.mx\/index.php?rest_route=%2Fwp%2Fv2%2Fmedia&parent=21359"}],"wp:term":[{"taxonomy":"category","embeddable":true,"href":"https:\/\/zonaroja.com.mx\/index.php?rest_route=%2Fwp%2Fv2%2Fcategories&post=21359"},{"taxonomy":"post_tag","embeddable":true,"href":"https:\/\/zonaroja.com.mx\/index.php?rest_route=%2Fwp%2Fv2%2Ftags&post=21359"}],"curies":[{"name":"wp","href":"https:\/\/api.w.org\/{rel}","templated":true}]}}