{"id":21362,"date":"2020-12-17T20:05:03","date_gmt":"2020-12-18T02:05:03","guid":{"rendered":"http:\/\/www.zonaroja.com.mx\/?p=21362"},"modified":"2020-12-17T20:05:07","modified_gmt":"2020-12-18T02:05:07","slug":"caso-de-maria-del-sol-con-elementos-suficientes-para-ir-a-instancias-internacionales","status":"publish","type":"post","link":"https:\/\/zonaroja.com.mx\/?p=21362","title":{"rendered":"Caso de Mar\u00eda del Sol, con elementos suficientes para ir a instancias internacionales"},"content":{"rendered":"\n<p>Evlin Arag\u00f3n\/Zona Roja.<\/p>\n\n\n\n<p>Oaxaca de Ju\u00e1rez, Oax., 17 de diciembre de 2020.- La activista feminista Yesica S\u00e1nchez Maya asegur\u00f3 que el caso de Mar\u00eda del Sol Cruz Jarqu\u00edn, joven asesinada en junio del 2018, cuenta con los elementos suficientes para presentarlo en instancias internacionales como un referente de lo que no deben de hacer las instancias de procuraci\u00f3n de justicia, que en el caso de Oaxaca lejos de actuar a favor, lo hacen en detrimento de las v\u00edctimas de feminicidio.&nbsp;<\/p>\n\n\n\n<p>Lo anterior lo puso de manifest\u00f3 tras la comparecencia que tuviera este mi\u00e9rcoles al interior del Congreso local el fiscal general de Oaxaca, Rub\u00e9n Vasconcelos M\u00e9ndez, y donde la abogada dio a conocer que tanto Consorcio Oaxaca como el Observatorio Ciudadano Nacional de Feminicidios, acompa\u00f1an de forma jur\u00eddica el caso.&nbsp;<\/p>\n\n\n\n<p>S\u00e1nchez Maya detall\u00f3 que el nivel de intereses de funcionarios p\u00fablicos involucrados en el caso ha complicado el avance de las carpetas de investigaci\u00f3n a nivel local, por lo que de continuar atorado existen los suficientes elementos para presentarlo como un caso modelo de la negligencia y complicidad del Gobierno mexicano.&nbsp;<\/p>\n\n\n\n<p>\u201cTiene todos los elementos para convertirse en un caso ejemplar de lo que no se tiene que hacer, pero de responsabilidad formal de alg\u00fan nivel de la negligencia y omisi\u00f3n en un caso de feminicidio como el de Mar\u00eda del Sol\u201d, dijo.&nbsp;<\/p>\n\n\n\n<p>En este sentido explic\u00f3 que, aunque actualmente la responsabilidad recae en las autoridades oaxaque\u00f1as, en caso de que est\u00e1s mantengan el m\u00ednimo y p\u00e9simo actuar como hasta ahora, podr\u00edan llevarlas a otras instancias incluso internacionales que puedan determinar la responsabilidad del Estado mexicano en la falta al acceso de justicia de la periodista oaxaque\u00f1a Soledad Jarqu\u00edn, madre de la joven asesinada.&nbsp;<\/p>\n\n\n\n<p>\u201cHay una ruta, se han documentado las negligencias y se ha dado vista a instancias de supervisi\u00f3n sobre el trabajo del fiscal, estamos checando que el caso lo pueda atraer la CNDH, tenemos un problema de competencia, pero estamos mirando el tema del escrutinio federal hacia la din\u00e1mica local, argumentando las deficiencias y complicidades\u201d, expuso.&nbsp;<\/p>\n\n\n\n<p>As\u00ed mismo manifest\u00f3, que una parte es la sanci\u00f3n por omisi\u00f3n y sanci\u00f3n a la Fiscal\u00eda en la cual est\u00e1n insistiendo, y otra es la parte penal que tampoco piensan descuidar, por lo que trabajan las carpetas de investigaci\u00f3n de forma diferenciada a los procesos abiertos, adem\u00e1s de buscar los mecanismos que garanticen la protecci\u00f3n de la periodista oaxaque\u00f1a.&nbsp;<\/p>\n\n\n\n<p>La activista refiri\u00f3 que s\u00ed hay temor por la seguridad de la Soledad Jarqu\u00edn quien en su exigencia de justicia tuvo que llegar a la Ciudad de M\u00e9xico para solicitar la intervenci\u00f3n del Presidente de M\u00e9xico, Andr\u00e9s Manuel L\u00f3pez Obrador, y que fue violentada nuevamente ayer por el fiscal, Rub\u00e9n Vasconcelos durante su comparecencia.&nbsp;<\/p>\n\n\n\n<p>Y es que con una actitud que describi\u00f3 como arrogante y machista, asegur\u00f3 que el fiscal revictimiz\u00f3 a la periodista al asegurar que su exigencia de justicia respond\u00eda a \u201cotro tipo de intereses\u201d, dejando en claro que en general las v\u00edctimas no son su prioridad, aunque diga lo contrario.&nbsp;<\/p>\n","protected":false},"excerpt":{"rendered":"<p>Evlin Arag\u00f3n\/Zona Roja. Oaxaca de Ju\u00e1rez, Oax., 17 de diciembre de 2020.- La activista feminista&hellip;<\/p>\n","protected":false},"author":2,"featured_media":21363,"comment_status":"closed","ping_status":"open","sticky":false,"template":"","format":"standard","meta":{"_lmt_disableupdate":"","_lmt_disable":"","_jetpack_memberships_contains_paid_content":false,"footnotes":""},"categories":[109,47],"tags":[1976],"class_list":["post-21362","post","type-post","status-publish","format-standard","has-post-thumbnail","hentry","category-minuto-a-minuto","category-zona-gris","tag-yesica-sanchez-maya"],"jetpack_featured_media_url":"https:\/\/zonaroja.com.mx\/wp-content\/uploads\/2020\/12\/Yesica-Sanchez-M..jpg","jetpack_sharing_enabled":true,"_links":{"self":[{"href":"https:\/\/zonaroja.com.mx\/index.php?rest_route=\/wp\/v2\/posts\/21362","targetHints":{"allow":["GET"]}}],"collection":[{"href":"https:\/\/zonaroja.com.mx\/index.php?rest_route=\/wp\/v2\/posts"}],"about":[{"href":"https:\/\/zonaroja.com.mx\/index.php?rest_route=\/wp\/v2\/types\/post"}],"author":[{"embeddable":true,"href":"https:\/\/zonaroja.com.mx\/index.php?rest_route=\/wp\/v2\/users\/2"}],"replies":[{"embeddable":true,"href":"https:\/\/zonaroja.com.mx\/index.php?rest_route=%2Fwp%2Fv2%2Fcomments&post=21362"}],"version-history":[{"count":1,"href":"https:\/\/zonaroja.com.mx\/index.php?rest_route=\/wp\/v2\/posts\/21362\/revisions"}],"predecessor-version":[{"id":21364,"href":"https:\/\/zonaroja.com.mx\/index.php?rest_route=\/wp\/v2\/posts\/21362\/revisions\/21364"}],"wp:featuredmedia":[{"embeddable":true,"href":"https:\/\/zonaroja.com.mx\/index.php?rest_route=\/wp\/v2\/media\/21363"}],"wp:attachment":[{"href":"https:\/\/zonaroja.com.mx\/index.php?rest_route=%2Fwp%2Fv2%2Fmedia&parent=21362"}],"wp:term":[{"taxonomy":"category","embeddable":true,"href":"https:\/\/zonaroja.com.mx\/index.php?rest_route=%2Fwp%2Fv2%2Fcategories&post=21362"},{"taxonomy":"post_tag","embeddable":true,"href":"https:\/\/zonaroja.com.mx\/index.php?rest_route=%2Fwp%2Fv2%2Ftags&post=21362"}],"curies":[{"name":"wp","href":"https:\/\/api.w.org\/{rel}","templated":true}]}}