{"id":21365,"date":"2020-12-17T20:39:24","date_gmt":"2020-12-18T02:39:24","guid":{"rendered":"http:\/\/www.zonaroja.com.mx\/?p=21365"},"modified":"2020-12-17T20:39:28","modified_gmt":"2020-12-18T02:39:28","slug":"proyectan-las-tres-muertes-de-maricela-escobedo-en-el-congreso-de-oaxaca","status":"publish","type":"post","link":"https:\/\/zonaroja.com.mx\/?p=21365","title":{"rendered":"Proyectan \u201cLas tres muertes de Maricela Escobedo\u201d, en el Congreso de Oaxaca"},"content":{"rendered":"\n<p>Redacci\u00f3n\/Zona Roja.<\/p>\n\n\n\n<p>Oaxaca de Ju\u00e1rez, Oax., 17 de diciembre de 2020.- El Congreso de Oaxaca fue sede de la proyecci\u00f3n del documental \u00abLas tres muertes de Maricela Escobedo\u00bb, con el objetivo de sensibilizar sobre las condiciones en las que miles de madres v\u00edctimas del delito de faminicidio, luchan para obtener justicia.<\/p>\n\n\n\n<p>Al inaugurar la actividad promovida y organizada por la diputada Elisa Zepeda Lagunas, urgi\u00f3 revisar, cuestionar y exigir a las autoridades una actuaci\u00f3n comprometida, ante la gran problem\u00e1tica que representan las muertes violentas de mujeres.<\/p>\n\n\n\n<p>\u00abMarisela Escobedo camin\u00f3 kil\u00f3metros para protestar, recorri\u00f3 todo el pa\u00eds y, frente a la ineptitud de las autoridades, investig\u00f3 y encontr\u00f3 al asesino sin ayuda, ante la mirada expectante de las autoridades que deber\u00edan actuar\u00bb, apunt\u00f3 la diputada.<\/p>\n\n\n\n<p>Abund\u00f3 que tan s\u00f3lo en la entidad oaxaque\u00f1a, en lo que va del a\u00f1o, de acuerdo con el Instituto Nacional de Estad\u00edstica y Geograf\u00eda (INEGI), se han registrado 98 feminicidios. Tambi\u00e9n, que en el 2019 hubo m\u00e1s de cuatro mil feminicidios en el pa\u00eds, de estos, el 97 por ciento ha quedado impune.<\/p>\n\n\n\n<p>En el marco de la proyecci\u00f3n el documental, Zepeda Lagunas llam\u00f3 a las familias y madres de las v\u00edctimas de feminicidio, a observar, revisar, difundir y debatir el caso de Maricela Escobedo, y de esta manera poder buscar, reclamar, construir y exigir una comunidad de respeto y paz para las mujeres.<\/p>\n\n\n\n<p>En la actividad la diputada, Elim Antonio Aquino, lament\u00f3 que s\u00f3lo este fin de semana, en la entidad oaxaque\u00f1a, desaparecieron tres mujeres, de las cuales a dos les privaron de la vida. Reiter\u00f3 su compromiso como legisladora de brindar el acompa\u00f1amiento a las v\u00edctimas en su lucha por obtener justicia.<\/p>\n\n\n\n<p>A la proyecci\u00f3n del documental \u00abLas tres muertes de Maricela Escobedo\u00bb, acudieron la periodista, Soledad Jarqu\u00edn Edgar; Mar\u00eda de la Luz Estrada, coordinadora del Observatorio Ciudadano Nacional del Feminicidio y Luz Estela Castro Rodr\u00edguez, abogada de Maricela Escobedo y co- fundadora del Centro de Derechos Humanos de las Mujeres.<\/p>\n","protected":false},"excerpt":{"rendered":"<p>Redacci\u00f3n\/Zona Roja. Oaxaca de Ju\u00e1rez, Oax., 17 de diciembre de 2020.- El Congreso de Oaxaca&hellip;<\/p>\n","protected":false},"author":2,"featured_media":21366,"comment_status":"closed","ping_status":"open","sticky":false,"template":"","format":"standard","meta":{"_lmt_disableupdate":"","_lmt_disable":"","_jetpack_memberships_contains_paid_content":false,"footnotes":""},"categories":[109,46],"tags":[215],"class_list":["post-21365","post","type-post","status-publish","format-standard","has-post-thumbnail","hentry","category-minuto-a-minuto","category-zona-blanca","tag-elisa-zepeda-lagunas"],"jetpack_featured_media_url":"https:\/\/zonaroja.com.mx\/wp-content\/uploads\/2020\/12\/FOTO-1.1-Proyectan-Las-3-muertes-de-Maricela-Escobedo-en-el-Congreso-de-Oaxaca.jpg","jetpack_sharing_enabled":true,"_links":{"self":[{"href":"https:\/\/zonaroja.com.mx\/index.php?rest_route=\/wp\/v2\/posts\/21365","targetHints":{"allow":["GET"]}}],"collection":[{"href":"https:\/\/zonaroja.com.mx\/index.php?rest_route=\/wp\/v2\/posts"}],"about":[{"href":"https:\/\/zonaroja.com.mx\/index.php?rest_route=\/wp\/v2\/types\/post"}],"author":[{"embeddable":true,"href":"https:\/\/zonaroja.com.mx\/index.php?rest_route=\/wp\/v2\/users\/2"}],"replies":[{"embeddable":true,"href":"https:\/\/zonaroja.com.mx\/index.php?rest_route=%2Fwp%2Fv2%2Fcomments&post=21365"}],"version-history":[{"count":1,"href":"https:\/\/zonaroja.com.mx\/index.php?rest_route=\/wp\/v2\/posts\/21365\/revisions"}],"predecessor-version":[{"id":21367,"href":"https:\/\/zonaroja.com.mx\/index.php?rest_route=\/wp\/v2\/posts\/21365\/revisions\/21367"}],"wp:featuredmedia":[{"embeddable":true,"href":"https:\/\/zonaroja.com.mx\/index.php?rest_route=\/wp\/v2\/media\/21366"}],"wp:attachment":[{"href":"https:\/\/zonaroja.com.mx\/index.php?rest_route=%2Fwp%2Fv2%2Fmedia&parent=21365"}],"wp:term":[{"taxonomy":"category","embeddable":true,"href":"https:\/\/zonaroja.com.mx\/index.php?rest_route=%2Fwp%2Fv2%2Fcategories&post=21365"},{"taxonomy":"post_tag","embeddable":true,"href":"https:\/\/zonaroja.com.mx\/index.php?rest_route=%2Fwp%2Fv2%2Ftags&post=21365"}],"curies":[{"name":"wp","href":"https:\/\/api.w.org\/{rel}","templated":true}]}}