{"id":21373,"date":"2020-12-17T21:08:08","date_gmt":"2020-12-18T03:08:08","guid":{"rendered":"http:\/\/www.zonaroja.com.mx\/?p=21373"},"modified":"2020-12-17T21:08:13","modified_gmt":"2020-12-18T03:08:13","slug":"rebasa-los-dos-meses-planton-en-el-inpi-otomies-queman-papeleria","status":"publish","type":"post","link":"https:\/\/zonaroja.com.mx\/?p=21373","title":{"rendered":"Rebasa los dos meses \u201cplant\u00f3n\u201d en el INPI; otom\u00edes queman papeler\u00eda"},"content":{"rendered":"\n<p>Redacci\u00f3n\/Zona Roja Cdmx.<\/p>\n\n\n\n<p>Ciudad de M\u00e9xico, 17 de diciembre de 2020.- Luego de ser detenidos algunos de los integrantes de comunidad otom\u00ed residentes en la Ciudad de M\u00e9xico e integrantes de la UPREZ -BJ por elementos de seguridad capitalina, integrantes de la \u201ctoma\u201d del Instituto Nacional de Pueblos Ind\u00edgenas (INPI) realizaron quema de documentos del instituto ubicado en avenida M\u00e9xico Coyoac\u00e1n.<\/p>\n\n\n\n<p>Los integrantes previamente detenidos ya fueran liberados.<\/p>\n\n\n\n<p>La comunidad otom\u00ed denunci\u00f3 en sus redes sociales que integrantes del movimiento que tienen \u201ctomadas\u201d las instalaciones del INPI fueron \u00abdetenidos hoy arbitrariamente\u00bb por elementos de la polic\u00eda capitalina.<\/p>\n\n\n\n<p>Diego Garc\u00eda Bautista, vocero e integrante de la UPREZ- BJ transmiti\u00f3 en vivo el traslado al juez c\u00edvico \u00abBJ 3 en Parque Delta\u00bb.<\/p>\n\n\n\n<p>\u00c9l es uno de los detenidos al igual que Filiberto Margarito Juan, concejal del CNI-CIG y representante de la comunidad ind\u00edgena otom\u00ed residente en la Ciudad de M\u00e9xico.<\/p>\n\n\n\n<p>Garc\u00eda Bautista mencion\u00f3 en la transmisi\u00f3n que \u00abocho fueron los detenidos , pero s\u00f3lo a seis los trasladaron al juez c\u00edvico\u00bb. \u00abNos trasladan como viles delincuentes con esposas, esto tiene que ver con la toma del INPI. Nos quieren callar. Hagan viral la denuncia\u00bb.<\/p>\n\n\n\n<p>Asegur\u00f3 que la detenci\u00f3n fue directamente relaciona con la toma del INPI desde hace 67 d\u00edas. \u00abEsto no nos doblega, seguiremos luchando\u00bb.<\/p>\n\n\n\n<p>El integrante de UPREZ-BJ se\u00f1al\u00f3 que estaban en un predio, ubicado en Juan Escutia 10, Benito Ju\u00e1rez, en donde se cumplir\u00eda una orden de demolici\u00f3n pero no dio mayores detalles de la situaci\u00f3n.<\/p>\n\n\n\n<p>Sobre el incidente Adelfo Regino Montes, titular del INPI descart\u00f3 que dicha situaci\u00f3n se relacione con la toma INPI. La situaci\u00f3n no se relaciona con ninguno de los cuatro predios que demanda la comunidad otom\u00ed para la contrucci\u00f3n de sus viviendas.<\/p>\n\n\n\n<p>El funcionario se\u00f1al\u00f3 a La Jornada que el di\u00e1logo es la principal forma de resolver cualquier problem\u00e1tica.<\/p>\n\n\n\n<p>Desde el 12 de octubre, integrantes de la comunidad tomaron el INPI y exigieron la expropiaci\u00f3n entre otras demandas, de cuatro predios, uno en la Colonia Ju\u00e1rez, dos en la Roma y uno en la alcald\u00eda de Iztapalapa. El predio que se\u00f1ala Garc\u00eda Bautista no hab\u00eda sido mencionado en estas peticiones de expropiacion previas.<\/p>\n","protected":false},"excerpt":{"rendered":"<p>Redacci\u00f3n\/Zona Roja Cdmx. Ciudad de M\u00e9xico, 17 de diciembre de 2020.- Luego de ser detenidos&hellip;<\/p>\n","protected":false},"author":2,"featured_media":21374,"comment_status":"closed","ping_status":"open","sticky":false,"template":"","format":"standard","meta":{"_lmt_disableupdate":"","_lmt_disable":"","_jetpack_memberships_contains_paid_content":false,"footnotes":""},"categories":[109,47],"tags":[558],"class_list":["post-21373","post","type-post","status-publish","format-standard","has-post-thumbnail","hentry","category-minuto-a-minuto","category-zona-gris","tag-instituto-nacional-de-pueblos-indigenas"],"jetpack_featured_media_url":"https:\/\/zonaroja.com.mx\/wp-content\/uploads\/2020\/12\/Quema-otomies-INPI.png","jetpack_sharing_enabled":true,"_links":{"self":[{"href":"https:\/\/zonaroja.com.mx\/index.php?rest_route=\/wp\/v2\/posts\/21373","targetHints":{"allow":["GET"]}}],"collection":[{"href":"https:\/\/zonaroja.com.mx\/index.php?rest_route=\/wp\/v2\/posts"}],"about":[{"href":"https:\/\/zonaroja.com.mx\/index.php?rest_route=\/wp\/v2\/types\/post"}],"author":[{"embeddable":true,"href":"https:\/\/zonaroja.com.mx\/index.php?rest_route=\/wp\/v2\/users\/2"}],"replies":[{"embeddable":true,"href":"https:\/\/zonaroja.com.mx\/index.php?rest_route=%2Fwp%2Fv2%2Fcomments&post=21373"}],"version-history":[{"count":1,"href":"https:\/\/zonaroja.com.mx\/index.php?rest_route=\/wp\/v2\/posts\/21373\/revisions"}],"predecessor-version":[{"id":21375,"href":"https:\/\/zonaroja.com.mx\/index.php?rest_route=\/wp\/v2\/posts\/21373\/revisions\/21375"}],"wp:featuredmedia":[{"embeddable":true,"href":"https:\/\/zonaroja.com.mx\/index.php?rest_route=\/wp\/v2\/media\/21374"}],"wp:attachment":[{"href":"https:\/\/zonaroja.com.mx\/index.php?rest_route=%2Fwp%2Fv2%2Fmedia&parent=21373"}],"wp:term":[{"taxonomy":"category","embeddable":true,"href":"https:\/\/zonaroja.com.mx\/index.php?rest_route=%2Fwp%2Fv2%2Fcategories&post=21373"},{"taxonomy":"post_tag","embeddable":true,"href":"https:\/\/zonaroja.com.mx\/index.php?rest_route=%2Fwp%2Fv2%2Ftags&post=21373"}],"curies":[{"name":"wp","href":"https:\/\/api.w.org\/{rel}","templated":true}]}}