{"id":21379,"date":"2020-12-18T07:34:58","date_gmt":"2020-12-18T13:34:58","guid":{"rendered":"http:\/\/www.zonaroja.com.mx\/?p=21379"},"modified":"2020-12-18T07:35:01","modified_gmt":"2020-12-18T13:35:01","slug":"asesinan-a-balazos-a-ex-gobernador-de-jalisco-aristoteles-sandoval","status":"publish","type":"post","link":"https:\/\/zonaroja.com.mx\/?p=21379","title":{"rendered":"Asesinan a balazos a ex gobernador de Jalisco, Arist\u00f3teles Sandoval"},"content":{"rendered":"\n<p>Redacci\u00f3n\/Zona Roja Cdmx.<\/p>\n\n\n\n<p>Ciudad de M\u00e9xico, 18 de diciembre de 2020.- El exgobernador de Jalisco, Jorge Arist\u00f3teles Sandoval D\u00edaz, fue asesinado la madrugada de este viernes en Puerto Vallarta.<\/p>\n\n\n\n<p>El atentado armado ocurri\u00f3 en el bar \u201cDistrito Cinco\u201d, ubicado sobre bulevar Francisco Medina Ascencio, en dicha localidad jalisciense.<\/p>\n\n\n\n<p>Adem\u00e1s de la muerte del exmandatario local, result\u00f3 lesionado un escolta.<\/p>\n\n\n\n<p>Tras el atentado, Sandoval fue remitido al hospital privado San Javier, en la referida localidad, donde se confirm\u00f3 su muerte por la complicaci\u00f3n de las heridas de bala que present\u00f3.<\/p>\n\n\n\n<p>El gobernador Enrique Alfaro Ram\u00edrez confirm\u00f3 el deceso del exmandatario en sus redes sociales.<\/p>\n\n\n\n<p>\u00abCon un profundo dolor quiero informarles que hace unos momentos el ex gobernador de nuestro estado, Arist\u00f3teles Sandoval, fue v\u00edctima de un ataque directo en Puerto Vallarta. Lamentablemente ha fallecido. Mi solidaridad con su familia en estos momentos tan dif\u00edciles\u00bb, tuite\u00f3.<\/p>\n\n\n\n<p>Asimismo, Alfaro indic\u00f3 que gir\u00f3 instrucciones para que el gabinete de seguridad se traslade a Puerto Vallarta y encabece las investigaciones correspondientes.<\/p>\n\n\n\n<p>Sandoval D\u00edaz, de 46 a\u00f1os, fue gobernador de Jalisco, impulsado por el PRI, del 1 de marzo de 2013 al 5 de diciembre de 2018.<\/p>\n\n\n\n<p>Desde octubre de 2019 a octubre de 2020 se desempe\u00f1\u00f3 como secretario de Innovaci\u00f3n y Participaci\u00f3n Digital del Comit\u00e9 Ejecutivo Nacional del partido, y, bajo el argumento de congruencia, renunci\u00f3 al se\u00f1alar que el tricolor segu\u00eda incurriendo en pr\u00e1cticas del pasado.<\/p>\n\n\n\n<p>TRAYECTORIA<\/p>\n\n\n\n<p>*Jorge Arist\u00f3teles Sandoval D\u00edaz naci\u00f3 el 22 de enero de 1974 en Guadalajara, Jalisco.<\/p>\n\n\n\n<p>*Fue licenciado en Derecho por la Universidad de Guadalajara y contaba con una maestr\u00eda en Pol\u00edtica y gesti\u00f3n p\u00fablica por el Instituto Tecnol\u00f3gico y de Estudios Superiores de Occidente.<\/p>\n\n\n\n<p>*Desde muy joven milit\u00f3 en el Partido Revolucionario Institucional (PRI). Represent\u00e1ndolo, lleg\u00f3 a ser presidente municipal de Guadalajara, cargo que ocup\u00f3 de 2009 a 2012.<\/p>\n\n\n\n<p>*Tras ganar los comicios, nuevamente abanderando al PRI en el estado, se convirti\u00f3 en el gobernador de su entidad. Este puesto lo ocup\u00f3 del 1 de marzo de 2013 al 5 de diciembre de 2018.<\/p>\n\n\n\n<p>*Desde octubre de 2019 a octubre de este a\u00f1o se desempe\u00f1\u00f3 como secretario de Innovaci\u00f3n y Participaci\u00f3n Digital del Comit\u00e9 Ejecutivo Nacional del PRI.<\/p>\n\n\n\n<p>*Sin embargo, renunci\u00f3 a este \u00faltimo cargo al se\u00f1alar que el partido donde se encontraba segu\u00eda incurriendo \u00aben pr\u00e1cticas del pasado\u00bb.<\/p>\n\n\n\n<p>* Le sobreviven su esposa y sus dos hijas.<\/p>\n","protected":false},"excerpt":{"rendered":"<p>Redacci\u00f3n\/Zona Roja Cdmx. Ciudad de M\u00e9xico, 18 de diciembre de 2020.- El exgobernador de Jalisco,&hellip;<\/p>\n","protected":false},"author":2,"featured_media":21380,"comment_status":"closed","ping_status":"open","sticky":false,"template":"","format":"standard","meta":{"_lmt_disableupdate":"","_lmt_disable":"","_jetpack_memberships_contains_paid_content":false,"footnotes":""},"categories":[109,51],"tags":[2302],"class_list":["post-21379","post","type-post","status-publish","format-standard","has-post-thumbnail","hentry","category-minuto-a-minuto","category-zona-roja","tag-aristoteles-sandoval-diaz"],"jetpack_featured_media_url":"https:\/\/zonaroja.com.mx\/wp-content\/uploads\/2020\/12\/Aristoteles-Sandoval.jpg","jetpack_sharing_enabled":true,"_links":{"self":[{"href":"https:\/\/zonaroja.com.mx\/index.php?rest_route=\/wp\/v2\/posts\/21379","targetHints":{"allow":["GET"]}}],"collection":[{"href":"https:\/\/zonaroja.com.mx\/index.php?rest_route=\/wp\/v2\/posts"}],"about":[{"href":"https:\/\/zonaroja.com.mx\/index.php?rest_route=\/wp\/v2\/types\/post"}],"author":[{"embeddable":true,"href":"https:\/\/zonaroja.com.mx\/index.php?rest_route=\/wp\/v2\/users\/2"}],"replies":[{"embeddable":true,"href":"https:\/\/zonaroja.com.mx\/index.php?rest_route=%2Fwp%2Fv2%2Fcomments&post=21379"}],"version-history":[{"count":1,"href":"https:\/\/zonaroja.com.mx\/index.php?rest_route=\/wp\/v2\/posts\/21379\/revisions"}],"predecessor-version":[{"id":21381,"href":"https:\/\/zonaroja.com.mx\/index.php?rest_route=\/wp\/v2\/posts\/21379\/revisions\/21381"}],"wp:featuredmedia":[{"embeddable":true,"href":"https:\/\/zonaroja.com.mx\/index.php?rest_route=\/wp\/v2\/media\/21380"}],"wp:attachment":[{"href":"https:\/\/zonaroja.com.mx\/index.php?rest_route=%2Fwp%2Fv2%2Fmedia&parent=21379"}],"wp:term":[{"taxonomy":"category","embeddable":true,"href":"https:\/\/zonaroja.com.mx\/index.php?rest_route=%2Fwp%2Fv2%2Fcategories&post=21379"},{"taxonomy":"post_tag","embeddable":true,"href":"https:\/\/zonaroja.com.mx\/index.php?rest_route=%2Fwp%2Fv2%2Ftags&post=21379"}],"curies":[{"name":"wp","href":"https:\/\/api.w.org\/{rel}","templated":true}]}}