{"id":2138,"date":"2019-07-09T21:04:05","date_gmt":"2019-07-10T02:04:05","guid":{"rendered":"http:\/\/www.zonaroja.com.mx\/?p=2138"},"modified":"2019-07-09T21:04:07","modified_gmt":"2019-07-10T02:04:07","slug":"steuabjo-entre-chacoteo-y-amagos-su-quinto-dia-de-protesta","status":"publish","type":"post","link":"https:\/\/zonaroja.com.mx\/?p=2138","title":{"rendered":"STEUABJO, entre chacoteo y amagos su quinto d\u00eda de protesta"},"content":{"rendered":"\n<p>Ismael\nGarc\u00eda M.<\/p>\n\n\n\n<p>Tlalixtac de\nCabrera, Oax., 9 de julio de 2019.- \u201c\u00a1Les damos 20 minutos para que se retiren,\no en su caso no vamos a dejar salir a nadie! \u00a1Inicia la cuenta!\u201d. <\/p>\n\n\n\n<p>Quinto d\u00eda\nen las calles, para lograr un bono. Todo sea por tres mil pesos para cada uno.\nTodo sea por seis millones y medio de pesos que prometi\u00f3 el gobierno\u2026 para no\nmovilizarse.<\/p>\n\n\n\n<p>La v\u00edspera,\nel STEUABJO bloque\u00f3 durante todo el d\u00eda el crucero vial de Cinco Se\u00f1ores, en la\ncapital. Y hoy decidi\u00f3 apoderarse de los accesos a Ciudad Administrativa, el\ncomplejo de oficinas gubernamentales donde laboran m\u00e1s de seis mil bur\u00f3cratas.<\/p>\n\n\n\n<p>Alrededor de\nlas ocho de la ma\u00f1ana, un centenar parti\u00f3 de la Ciudad Universitaria a bordo de\ndos autobuses y un coche, todos rotulados con el logo del Sindicato de\nTrabajadores y Empleados. <\/p>\n\n\n\n<p>Antes de las\nnueve ya estaban en el lugar, en los accesos principal y posterior. Los\ntrabajadores de base no tardaron en salir por la puerta trasera. Ah\u00ed tampoco\ntard\u00f3 en llegar la Polic\u00eda Estatal, con toletes, con pertrechos antimont\u00edn y su\n\u201crinoceronte\u201d para enfrentar manifestaciones.<\/p>\n\n\n\n<p>Los polic\u00edas\nhicieron valla para impedir agresiones a los trabajadores; los universitarios, lo\nmismo pero frente a los uniformados.<\/p>\n\n\n\n<p>\u201c\u00a1No vamos a\ncaer en la provocaci\u00f3n. Se\u00f1ores polic\u00edas, ustedes son del pueblo, no queremos\nconfrontarnos. Los est\u00e1n utilizando, deber\u00edan estar resguardando la seguridad\ndel pueblo, con tantos asaltos que hay, con tantos asesinatos!\u201d, la voz de\nFernando David L\u00f3pez Cruz.<\/p>\n\n\n\n<p>\u201c\u00a1No\naceptamos funcionarios menores, no aceptamos funcionarios carga-maletas que no\ntienen capacidad de resolver!\u201d, dec\u00eda el dirigente sindical. Y a\u00fan se atrevi\u00f3 a\nvaticinar: <\/p>\n\n\n\n<p>\u201c\u00a1Se\u00f1ores polic\u00edas, deber\u00edan estar en el lugar de los asaltos, en este momento hay uno en la ciudad!\u201d, lo cual sucedi\u00f3 alrededor del mediod\u00eda.<\/p>\n\n\n\n<figure class=\"wp-block-embed-twitter wp-block-embed is-type-rich is-provider-twitter\"><div class=\"wp-block-embed__wrapper\">\n<div class=\"twitter-tweet\"><blockquote class=\"twitter-tweet\" data-lang=\"es\"><p lang=\"es\" dir=\"ltr\"><a href=\"https:\/\/twitter.com\/hashtag\/OaxacaGris?src=hash&amp;ref_src=twsrc%5Etfw\">#OaxacaGris<\/a><br>Entre amagos y chacoteo, la protesta del STEUABJO hoy en Ciudad Administrativa, Tlalixtac de Cabrera; ma\u00f1ana tiene asamblea para decidir nuevas acciones, en su exigencia de un bono que aseguran les prometi\u00f3 la <a href=\"https:\/\/twitter.com\/SEGEGO_GobOax?ref_src=twsrc%5Etfw\">@SEGEGO_GobOax<\/a>. <a href=\"https:\/\/t.co\/NJShymlGBm\">pic.twitter.com\/NJShymlGBm<\/a><\/p>&mdash; Zona Roja Oaxaca (@MexRoja) <a href=\"https:\/\/twitter.com\/MexRoja\/status\/1148757717877739520?ref_src=twsrc%5Etfw\">10 de julio de 2019<\/a><\/blockquote><\/div>\n<\/div><\/figure>\n\n\n\n<p>&#8211;\u00a1Murat, se\nesconde, se esconde y no responde! \u2013los gritos de los escasos afiliados, para\npresionar.<\/p>\n\n\n\n<p>\u201c\u00a1Los\nemplazamos para que en 20 minutos se retiren, de lo contario no saldr\u00e1 nadie;\ninicia la cuenta regresiva, caso contrario nos van a acompa\u00f1ar todo el d\u00eda, y\nde ser necesario toda la noche!\u201d, la amenaza para los bur\u00f3cratas que se\nquedaron en el edificio.<\/p>\n\n\n\n<p>Amagos solamente.\nMandaron traer llantas para quemar frente a los polic\u00edas; llegaron las llantas,\nlas bajaron, pero no las utilizaron.<\/p>\n\n\n\n<p>Poco despu\u00e9s\nde las diez llegaron m\u00e1s uniformados y un carro-tanque de Bomberos. Pero no\nfueron necesarios.<\/p>\n\n\n\n<p>\u201cYa nos\ndijeron que va a venir un funcionario a atendernos\u201d, avis\u00f3 Fernando David. Pero\nno sali\u00f3 nadie. A\u00fan as\u00ed no cumplieron sus amagos. Ni quemaron llantas ni\nretuvieron a bur\u00f3cratas ni estuvieron todo el d\u00eda.<\/p>\n\n\n\n<p>A eso de las\n11:00, ya en pleno relajo, invitaron unas aguas frescas a los polic\u00edas, que las\nrechazaron. Calma, sin prisas. Ning\u00fan amago se cumpli\u00f3. <\/p>\n\n\n\n<p>Poco despu\u00e9s\nde las dos de la tarde se retiraron como llegaron, con escasos resultados, a\ncinco d\u00edas de su protesta.<\/p>\n\n\n\n<p>&#8211;\u00a1Ya nos\nvamos, ya nos vamos, pero luego regresamos!<\/p>\n\n\n\n<p>-Por lo\npronto, este mi\u00e9rcoles tendr\u00e1n asamblea para decidir el rumbo del movimiento\u2026\nque lo \u00fanico que busca es su bono para irse de vacaciones.<\/p>\n","protected":false},"excerpt":{"rendered":"<p>Ismael Garc\u00eda M. Tlalixtac de Cabrera, Oax., 9 de julio de 2019.- \u201c\u00a1Les damos 20&hellip;<\/p>\n","protected":false},"author":2,"featured_media":2139,"comment_status":"closed","ping_status":"open","sticky":false,"template":"","format":"standard","meta":{"_lmt_disableupdate":"","_lmt_disable":"","_jetpack_memberships_contains_paid_content":false,"footnotes":""},"categories":[109,47],"tags":[325,305],"class_list":["post-2138","post","type-post","status-publish","format-standard","has-post-thumbnail","hentry","category-minuto-a-minuto","category-zona-gris","tag-ciudad-administrativa","tag-steuabjo"],"jetpack_featured_media_url":"https:\/\/zonaroja.com.mx\/wp-content\/uploads\/2019\/07\/IMG_7468.jpg","jetpack_sharing_enabled":true,"_links":{"self":[{"href":"https:\/\/zonaroja.com.mx\/index.php?rest_route=\/wp\/v2\/posts\/2138","targetHints":{"allow":["GET"]}}],"collection":[{"href":"https:\/\/zonaroja.com.mx\/index.php?rest_route=\/wp\/v2\/posts"}],"about":[{"href":"https:\/\/zonaroja.com.mx\/index.php?rest_route=\/wp\/v2\/types\/post"}],"author":[{"embeddable":true,"href":"https:\/\/zonaroja.com.mx\/index.php?rest_route=\/wp\/v2\/users\/2"}],"replies":[{"embeddable":true,"href":"https:\/\/zonaroja.com.mx\/index.php?rest_route=%2Fwp%2Fv2%2Fcomments&post=2138"}],"version-history":[{"count":1,"href":"https:\/\/zonaroja.com.mx\/index.php?rest_route=\/wp\/v2\/posts\/2138\/revisions"}],"predecessor-version":[{"id":2140,"href":"https:\/\/zonaroja.com.mx\/index.php?rest_route=\/wp\/v2\/posts\/2138\/revisions\/2140"}],"wp:featuredmedia":[{"embeddable":true,"href":"https:\/\/zonaroja.com.mx\/index.php?rest_route=\/wp\/v2\/media\/2139"}],"wp:attachment":[{"href":"https:\/\/zonaroja.com.mx\/index.php?rest_route=%2Fwp%2Fv2%2Fmedia&parent=2138"}],"wp:term":[{"taxonomy":"category","embeddable":true,"href":"https:\/\/zonaroja.com.mx\/index.php?rest_route=%2Fwp%2Fv2%2Fcategories&post=2138"},{"taxonomy":"post_tag","embeddable":true,"href":"https:\/\/zonaroja.com.mx\/index.php?rest_route=%2Fwp%2Fv2%2Ftags&post=2138"}],"curies":[{"name":"wp","href":"https:\/\/api.w.org\/{rel}","templated":true}]}}