{"id":21393,"date":"2020-12-18T15:35:13","date_gmt":"2020-12-18T21:35:13","guid":{"rendered":"http:\/\/www.zonaroja.com.mx\/?p=21393"},"modified":"2020-12-18T15:35:17","modified_gmt":"2020-12-18T21:35:17","slug":"los-hombres-tambien-son-desaparecidos-van-20-en-ultimas-tres-semanas","status":"publish","type":"post","link":"https:\/\/zonaroja.com.mx\/?p=21393","title":{"rendered":"Los hombres tambi\u00e9n son desaparecidos; van 20 en \u00faltimas tres semanas"},"content":{"rendered":"\n<p>Evlin Arag\u00f3n\/Zona Roja.<\/p>\n\n\n\n<p>Oaxaca de Ju\u00e1rez, Oax., 18 de diciembre de 2020.- Al menos 20 varones han sido reportados como desaparecidos en las \u00faltimas semanas en la entidad oaxaque\u00f1a, siendo localizados s\u00f3lo ocho hasta el momento, de acuerdo con la informaci\u00f3n de la Unidad de B\u00fasqueda de Personas Desaparecidas y No Localizadas, de la Fiscal\u00eda General del Estado.&nbsp;<\/p>\n\n\n\n<p>Los casos m\u00e1s recientes son los de Eusebio Dionisio L\u00f3pez V\u00e1squez, Alexis Jhonathan Mart\u00ednez Ruiz y Gabriel L\u00f3pez Cruz, de 39, 25 y 62 a\u00f1os de edad, respectivamente, mismos que fueron vistos por \u00faltima vez en los municipios de Oaxaca de Ju\u00e1rez, Juchit\u00e1n de Zaragoza y Santo Domingo Tehuantepec.<\/p>\n\n\n\n<p>Menci\u00f3n aparte merecen los hermanos Juventino, Jes\u00fas Enrique y Ca\u00edn Abel, quienes junto con sus dos hermanas mayores desaparecieron el pasado 10 de diciembre en la colonia Los Pinos, perteneciente al municipio de San Jacinto Amilpas.&nbsp;&nbsp;<\/p>\n\n\n\n<p>El 28 de noviembre las autoridades, dependientes de la Fiscal\u00eda General del Estado de Oaxaca, recibieron los reportes de las desapariciones de Agust\u00edn Garc\u00eda Luis, de 81 a\u00f1os de edad; Gorgonio Mart\u00ednez Miguel, de 53; y Luis Ekher Ram\u00edrez Villanueva, de 25 a\u00f1os, quienes fueron vistos por \u00faltima vez en Santa Mar\u00eda Alotepec, Santiago Juxtlahuaca y San Juan Cotzocon, respectivamente.&nbsp;<\/p>\n\n\n\n<p>A la lista se unen Mario Hern\u00e1ndez L\u00f3pez de 36 a\u00f1os de edad y Jorge Ram\u00f3n Hern\u00e1ndez Tepepa de 31, ambos reportados como desaparecidos el 26 de noviembre, en los municipios de Oaxaca de Ju\u00e1rez y Loma Bonita.&nbsp;<\/p>\n\n\n\n<p>Aunque en el transcurso de las \u00faltimas tres semanas tambi\u00e9n fueron denunciados como no localizados: Salvador L\u00f3pez Alvarado, Francisco Javier L\u00f3pez Maldonado, Diego El\u00ed Canseco Reyes, Jorge Baldemar Hern\u00e1ndez Dom\u00ednguez, Eibraham Edmundo Guzm\u00e1n Guti\u00e9rrez, Leopoldo Mart\u00ednez Mart\u00ednez, Alejandro Antonio Garc\u00eda Ruiz y Jos\u00e9 Emiliano Garc\u00eda Oseguera, la b\u00fasqueda fue suspendida al ser encontrados.&nbsp;&nbsp;<\/p>\n","protected":false},"excerpt":{"rendered":"<p>Evlin Arag\u00f3n\/Zona Roja. Oaxaca de Ju\u00e1rez, Oax., 18 de diciembre de 2020.- Al menos 20&hellip;<\/p>\n","protected":false},"author":2,"featured_media":21394,"comment_status":"closed","ping_status":"open","sticky":false,"template":"","format":"standard","meta":{"_lmt_disableupdate":"","_lmt_disable":"","_jetpack_memberships_contains_paid_content":false,"footnotes":""},"categories":[109,47],"tags":[2303],"class_list":["post-21393","post","type-post","status-publish","format-standard","has-post-thumbnail","hentry","category-minuto-a-minuto","category-zona-gris","tag-hombres-desaparecidos-oaxaca"],"jetpack_featured_media_url":"https:\/\/zonaroja.com.mx\/wp-content\/uploads\/2020\/12\/Hombres-desaparecidos-Oaxaca.jpg","jetpack_sharing_enabled":true,"_links":{"self":[{"href":"https:\/\/zonaroja.com.mx\/index.php?rest_route=\/wp\/v2\/posts\/21393","targetHints":{"allow":["GET"]}}],"collection":[{"href":"https:\/\/zonaroja.com.mx\/index.php?rest_route=\/wp\/v2\/posts"}],"about":[{"href":"https:\/\/zonaroja.com.mx\/index.php?rest_route=\/wp\/v2\/types\/post"}],"author":[{"embeddable":true,"href":"https:\/\/zonaroja.com.mx\/index.php?rest_route=\/wp\/v2\/users\/2"}],"replies":[{"embeddable":true,"href":"https:\/\/zonaroja.com.mx\/index.php?rest_route=%2Fwp%2Fv2%2Fcomments&post=21393"}],"version-history":[{"count":1,"href":"https:\/\/zonaroja.com.mx\/index.php?rest_route=\/wp\/v2\/posts\/21393\/revisions"}],"predecessor-version":[{"id":21395,"href":"https:\/\/zonaroja.com.mx\/index.php?rest_route=\/wp\/v2\/posts\/21393\/revisions\/21395"}],"wp:featuredmedia":[{"embeddable":true,"href":"https:\/\/zonaroja.com.mx\/index.php?rest_route=\/wp\/v2\/media\/21394"}],"wp:attachment":[{"href":"https:\/\/zonaroja.com.mx\/index.php?rest_route=%2Fwp%2Fv2%2Fmedia&parent=21393"}],"wp:term":[{"taxonomy":"category","embeddable":true,"href":"https:\/\/zonaroja.com.mx\/index.php?rest_route=%2Fwp%2Fv2%2Fcategories&post=21393"},{"taxonomy":"post_tag","embeddable":true,"href":"https:\/\/zonaroja.com.mx\/index.php?rest_route=%2Fwp%2Fv2%2Ftags&post=21393"}],"curies":[{"name":"wp","href":"https:\/\/api.w.org\/{rel}","templated":true}]}}