{"id":21396,"date":"2020-12-18T16:05:51","date_gmt":"2020-12-18T22:05:51","guid":{"rendered":"http:\/\/www.zonaroja.com.mx\/?p=21396"},"modified":"2020-12-18T16:05:55","modified_gmt":"2020-12-18T22:05:55","slug":"matan-a-patadas-a-un-perro-labrador-en-huautla-de-jimenez","status":"publish","type":"post","link":"https:\/\/zonaroja.com.mx\/?p=21396","title":{"rendered":"Matan a patadas a un perro labrador en Huautla de Jim\u00e9nez"},"content":{"rendered":"\n<p>Evlin Arag\u00f3n\/Zona Roja. Foto: Ilustraci\u00f3n<\/p>\n\n\n\n<p>Oaxaca de Ju\u00e1rez, Oax., 18 de diciembre de 2020.- Un video de tan s\u00f3lo 55 segundos evidencia lo peor de la humanidad, al retratar c\u00f3mo dos sujetos patean en reiteradas ocasiones a un perro, de raza labrador, hasta provocarle la muerte.&nbsp;<\/p>\n\n\n\n<p>Lo anterior sucedi\u00f3 la tarde del domingo 13 de diciembre, en el municipio de Huautla de Jim\u00e9nez, tal y como dio a conocer la asociaci\u00f3n civil \u201cMundo Patitas\u201d a trav\u00e9s de sus redes sociales desde comparti\u00f3 el video, al mismo tiempo que pidi\u00f3 justicia para el indefenso animal.&nbsp;<\/p>\n\n\n\n<p>\u201c#VIDEO Atn @GobOax @HuautladeJimen C\u00e1maras CCTV capta momento en que dos sujetos patean hasta la muerte a un noble perro labrador de nombre #Capuchino. \u00a1Exigimos justicia en contra de los responsables plenamente identificados!\u201d, difundi\u00f3.<\/p>\n\n\n\n<p>De acuerdo con la informaci\u00f3n proporcionada por la organizaci\u00f3n, los agresores del can fueron identificados como Cipriano Garc\u00eda (ch\u00e1mara amarilla) y Christian Garc\u00eda (playera negra), quienes transitaban acompa\u00f1ados de sus perros sobre la calle 16, a un costado de las oficinas del Instituto Nacional de Pueblos Ind\u00edgenas.\u00a0<\/p>\n\n\n\n<figure class=\"wp-block-embed-twitter wp-block-embed is-type-rich is-provider-twitter\"><div class=\"wp-block-embed__wrapper\">\n<div class=\"twitter-tweet\"><blockquote class=\"twitter-tweet\" data-lang=\"es\"><p lang=\"es\" dir=\"ltr\"><a href=\"https:\/\/twitter.com\/hashtag\/MaltratoAnimal?src=hash&amp;ref_src=twsrc%5Etfw\">#MaltratoAnimal<\/a> <br>Denuncian que a patadas fue asesinado un perro el fin de semana en <a href=\"https:\/\/twitter.com\/hashtag\/Huautla?src=hash&amp;ref_src=twsrc%5Etfw\">#Huautla<\/a> de Jim\u00e9nez, <a href=\"https:\/\/twitter.com\/hashtag\/Oaxaca?src=hash&amp;ref_src=twsrc%5Etfw\">#Oaxaca<\/a>; exigen investigaci\u00f3n y sanci\u00f3n contra los probables agresores. <br><br>Video: <a href=\"https:\/\/twitter.com\/MundoPatitas?ref_src=twsrc%5Etfw\">@MundoPatitas<\/a> <a href=\"https:\/\/t.co\/KuF9zjoXXO\">pic.twitter.com\/KuF9zjoXXO<\/a><\/p>&mdash; Zona Roja Oaxaca (@MexRoja) <a href=\"https:\/\/twitter.com\/MexRoja\/status\/1340054519556796416?ref_src=twsrc%5Etfw\">18 de diciembre de 2020<\/a><\/blockquote><\/div>\n<\/div><\/figure>\n\n\n\n<p>El video capta el momento exacto en el que, de forma reiterada, los sujetos patean al perro el cual queda tendido sin vida sobre la carretera, mientras ellos contin\u00faan su camino.<\/p>\n\n\n\n<p>\u201cLa crueldad hacia los animales, comprende comportamientos que causan estr\u00e9s o dolor innecesario o a los animales no humanos. Los mismos van desde la negligencia en los cuidados b\u00e1sicos hasta la tortura, mutilaci\u00f3n o muerte\u201d, refiere la publicaci\u00f3n.<\/p>\n\n\n\n<p>Quienes integran la organizaci\u00f3n invitaron a la poblaci\u00f3n a unirse a la solicitud de justicia y no ser parte del maltrato hacia los animales, que adem\u00e1s resulta ser un delito, por lo que pidieron denunciar cualquier acci\u00f3n que vaya en perjuicio de cualquier ser vivo.&nbsp;<\/p>\n\n\n\n<p>\u201cSi eres testigo del abuso y\/o maltrato hacia los animales en el Estado de Oaxaca, \u00a1denuncia!\u201d.<\/p>\n\n\n\n<p>Explicaron que se puede acudir a las instalaciones de la Fiscal\u00eda General del Estado de Oaxaca o presentar la denunciar en l\u00ednea en <a href=\"http:\/\/fge.oaxaca.gob.mx\/index.php\/pon-tu-denuncia\">http:\/\/fge.oaxaca.gob.mx\/index.php\/pon-tu-denuncia<\/a>.<\/p>\n","protected":false},"excerpt":{"rendered":"<p>Evlin Arag\u00f3n\/Zona Roja. Foto: Ilustraci\u00f3n Oaxaca de Ju\u00e1rez, Oax., 18 de diciembre de 2020.- Un&hellip;<\/p>\n","protected":false},"author":2,"featured_media":21397,"comment_status":"closed","ping_status":"open","sticky":false,"template":"","format":"standard","meta":{"_lmt_disableupdate":"","_lmt_disable":"","_jetpack_memberships_contains_paid_content":false,"footnotes":""},"categories":[109,47],"tags":[869],"class_list":["post-21396","post","type-post","status-publish","format-standard","has-post-thumbnail","hentry","category-minuto-a-minuto","category-zona-gris","tag-maltrato-animal-oaxaca"],"jetpack_featured_media_url":"https:\/\/zonaroja.com.mx\/wp-content\/uploads\/2020\/12\/Perro-asesinado.jpg","jetpack_sharing_enabled":true,"_links":{"self":[{"href":"https:\/\/zonaroja.com.mx\/index.php?rest_route=\/wp\/v2\/posts\/21396","targetHints":{"allow":["GET"]}}],"collection":[{"href":"https:\/\/zonaroja.com.mx\/index.php?rest_route=\/wp\/v2\/posts"}],"about":[{"href":"https:\/\/zonaroja.com.mx\/index.php?rest_route=\/wp\/v2\/types\/post"}],"author":[{"embeddable":true,"href":"https:\/\/zonaroja.com.mx\/index.php?rest_route=\/wp\/v2\/users\/2"}],"replies":[{"embeddable":true,"href":"https:\/\/zonaroja.com.mx\/index.php?rest_route=%2Fwp%2Fv2%2Fcomments&post=21396"}],"version-history":[{"count":1,"href":"https:\/\/zonaroja.com.mx\/index.php?rest_route=\/wp\/v2\/posts\/21396\/revisions"}],"predecessor-version":[{"id":21398,"href":"https:\/\/zonaroja.com.mx\/index.php?rest_route=\/wp\/v2\/posts\/21396\/revisions\/21398"}],"wp:featuredmedia":[{"embeddable":true,"href":"https:\/\/zonaroja.com.mx\/index.php?rest_route=\/wp\/v2\/media\/21397"}],"wp:attachment":[{"href":"https:\/\/zonaroja.com.mx\/index.php?rest_route=%2Fwp%2Fv2%2Fmedia&parent=21396"}],"wp:term":[{"taxonomy":"category","embeddable":true,"href":"https:\/\/zonaroja.com.mx\/index.php?rest_route=%2Fwp%2Fv2%2Fcategories&post=21396"},{"taxonomy":"post_tag","embeddable":true,"href":"https:\/\/zonaroja.com.mx\/index.php?rest_route=%2Fwp%2Fv2%2Ftags&post=21396"}],"curies":[{"name":"wp","href":"https:\/\/api.w.org\/{rel}","templated":true}]}}