{"id":21404,"date":"2020-12-18T20:34:21","date_gmt":"2020-12-19T02:34:21","guid":{"rendered":"http:\/\/www.zonaroja.com.mx\/?p=21404"},"modified":"2020-12-18T20:34:25","modified_gmt":"2020-12-19T02:34:25","slug":"aplaza-congreso-de-oaxaca-comparecencias-del-ieepo-y-de-los-sso","status":"publish","type":"post","link":"https:\/\/zonaroja.com.mx\/?p=21404","title":{"rendered":"Aplaza Congreso de Oaxaca comparecencias del IEEPO y de los SSO"},"content":{"rendered":"\n<p>Redacci\u00f3n\/Zona Roja.<\/p>\n\n\n\n<p>Oaxaca de Ju\u00e1rez, Oax. 18 de diciembre de 2020.- Mediante el acuerdo de las y los diputados del Congreso local, se determin\u00f3 aplazar las comparecencias de los titulares de los Servicios de Salud de Oaxaca (SSO) y del Instituto Estatal de Educaci\u00f3n P\u00fablica de Oaxaca (IEEPO), programadas para los d\u00edas 21 y 22 de este mes.<\/p>\n\n\n\n<p>La decisi\u00f3n parlamentaria obedece a que las y los representantes populares procuran garantizar la seguridad de quienes asisten al recinto legislativo, con pleno respeto a las medidas sanitarias para prevenir contagios de Covid-19.<\/p>\n\n\n\n<p>Las nuevas fechas para las comparecencias, a\u00fan por definir, se emitir\u00e1n en consenso de las y los integrantes de la Junta de Coordinaci\u00f3n Pol\u00edtica de la Legislatura, cuando se considere que las condiciones sanitarias son las \u00f3ptimas para garantizar la salud de los comparecientes y de las y los integrantes de las comisiones permanentes.<\/p>\n\n\n\n<p>El compromiso de la 64 Legislatura, es vigilar la acci\u00f3n que realizan las dependencias cuya responsabilidad consiste en atender demandas sociales importantes para la poblaci\u00f3n, como la salud y la educaci\u00f3n.<\/p>\n","protected":false},"excerpt":{"rendered":"<p>Redacci\u00f3n\/Zona Roja. Oaxaca de Ju\u00e1rez, Oax. 18 de diciembre de 2020.- Mediante el acuerdo de&hellip;<\/p>\n","protected":false},"author":2,"featured_media":13618,"comment_status":"closed","ping_status":"open","sticky":false,"template":"","format":"standard","meta":{"_lmt_disableupdate":"","_lmt_disable":"","_jetpack_memberships_contains_paid_content":false,"footnotes":""},"categories":[109,47],"tags":[213],"class_list":["post-21404","post","type-post","status-publish","format-standard","has-post-thumbnail","hentry","category-minuto-a-minuto","category-zona-gris","tag-64-legislatura-de-oaxaca"],"jetpack_featured_media_url":"https:\/\/zonaroja.com.mx\/wp-content\/uploads\/2020\/06\/Congreso-local.jpeg","jetpack_sharing_enabled":true,"_links":{"self":[{"href":"https:\/\/zonaroja.com.mx\/index.php?rest_route=\/wp\/v2\/posts\/21404","targetHints":{"allow":["GET"]}}],"collection":[{"href":"https:\/\/zonaroja.com.mx\/index.php?rest_route=\/wp\/v2\/posts"}],"about":[{"href":"https:\/\/zonaroja.com.mx\/index.php?rest_route=\/wp\/v2\/types\/post"}],"author":[{"embeddable":true,"href":"https:\/\/zonaroja.com.mx\/index.php?rest_route=\/wp\/v2\/users\/2"}],"replies":[{"embeddable":true,"href":"https:\/\/zonaroja.com.mx\/index.php?rest_route=%2Fwp%2Fv2%2Fcomments&post=21404"}],"version-history":[{"count":1,"href":"https:\/\/zonaroja.com.mx\/index.php?rest_route=\/wp\/v2\/posts\/21404\/revisions"}],"predecessor-version":[{"id":21405,"href":"https:\/\/zonaroja.com.mx\/index.php?rest_route=\/wp\/v2\/posts\/21404\/revisions\/21405"}],"wp:featuredmedia":[{"embeddable":true,"href":"https:\/\/zonaroja.com.mx\/index.php?rest_route=\/wp\/v2\/media\/13618"}],"wp:attachment":[{"href":"https:\/\/zonaroja.com.mx\/index.php?rest_route=%2Fwp%2Fv2%2Fmedia&parent=21404"}],"wp:term":[{"taxonomy":"category","embeddable":true,"href":"https:\/\/zonaroja.com.mx\/index.php?rest_route=%2Fwp%2Fv2%2Fcategories&post=21404"},{"taxonomy":"post_tag","embeddable":true,"href":"https:\/\/zonaroja.com.mx\/index.php?rest_route=%2Fwp%2Fv2%2Ftags&post=21404"}],"curies":[{"name":"wp","href":"https:\/\/api.w.org\/{rel}","templated":true}]}}