{"id":21406,"date":"2020-12-18T21:00:19","date_gmt":"2020-12-19T03:00:19","guid":{"rendered":"http:\/\/www.zonaroja.com.mx\/?p=21406"},"modified":"2020-12-18T21:00:23","modified_gmt":"2020-12-19T03:00:23","slug":"asamblea-de-san-baltazar-loxicha-exige-solucion-al-conflicto-politico-electoral","status":"publish","type":"post","link":"https:\/\/zonaroja.com.mx\/?p=21406","title":{"rendered":"Asamblea de San Baltazar Loxicha exige soluci\u00f3n al conflicto pol\u00edtico electoral"},"content":{"rendered":"\n<p>Yuridiana Sosa\/Zona Roja.<\/p>\n\n\n\n<p>Oaxaca de Ju\u00e1rez, Oax., 18 de diciembre de 2020.- En asamblea general, habitantes, autoridades y representantes comunales de San Baltazar Loxicha, exigieron al gobierno de Oaxaca soluci\u00f3n inmediata al conflicto pol\u00edtico electoral, iniciando con la detenci\u00f3n de los responsables del asesinato del ciudadano Rodolfo D\u00edaz, el pasado 2 de noviembre.<\/p>\n\n\n\n<p>Tras la presencia de un grupo de habitantes en la capital del estado ayer jueves, para exigir seguridad p\u00fablica y desestimar la legitimidad de la lucha que mantienen sus vecinos, la asamblea se pronunci\u00f3 contra dicho grupo af\u00edn al ex edil Atenogenes Jim\u00e9nez Mart\u00ednez, quien renunci\u00f3 al cargo el 7 de noviembre y por lo que el Congreso de Oaxaca declar\u00f3 desaparici\u00f3n de poderes.<\/p>\n\n\n\n<p>Durante el pronunciamiento, uno de los familiares del luchador social Rodolfo D\u00edaz Jim\u00e9nez tomaron la palabra y exigi\u00f3 a la Fiscal\u00eda General del Estado ejecutar las \u00f3rdenes de aprehensi\u00f3n contra cuatro presuntos responsables, mismos que huyeron de la comunidad.<\/p>\n\n\n\n<figure class=\"wp-block-embed-twitter wp-block-embed is-type-rich is-provider-twitter\"><div class=\"wp-block-embed__wrapper\">\n<div class=\"twitter-tweet\"><blockquote class=\"twitter-tweet\" data-lang=\"es\"><p lang=\"es\" dir=\"ltr\">(2) Asimismo, demandan el apoyo de la sociedad oaxaque\u00f1a y mexicana para colaborar en caso de tener datos y paradero de algunos presuntos participantes del asesinato de Rodolfo D\u00edaz Jim\u00e9nez, quienes tienen orden de aprehensi\u00f3n y siguen pr\u00f3fugos de la justicia. <a href=\"https:\/\/t.co\/J1yhbMBICR\">pic.twitter.com\/J1yhbMBICR<\/a><\/p>&mdash; Zona Roja Oaxaca (@MexRoja) <a href=\"https:\/\/twitter.com\/MexRoja\/status\/1340117267367903232?ref_src=twsrc%5Etfw\">19 de diciembre de 2020<\/a><\/blockquote><\/div>\n<\/div><\/figure>\n\n\n\n<p>La familia del difunto lament\u00f3 que el grupo contrario de habitantes denigre la exigencia de justicia por el asesinato de D\u00edaz Jim\u00e9nez, hecho por el cual han acudido ante las autoridades correspondientes, logrando las \u00f3rdenes para detener a Israel Mart\u00ednez Jim\u00e9nez, Emigdio Mart\u00ednez Bautista, No\u00e9 Rodr\u00edguez Alonso y Gerardo Garc\u00eda G\u00f3mez, presuntos responsables.<\/p>\n\n\n\n<p>\u201cA trav\u00e9s del duelo, pedimos respeto\u201d, apunt\u00f3 la familia, quien fue respaldada por las autoridades comunitarias de San Baltazar Loxicha.<\/p>\n\n\n\n<p>Ante esta divisi\u00f3n en la comunidad, los representantes populares demandaron al Gobierno del Estado atenci\u00f3n inmediata al conflicto pol\u00edtico electoral, as\u00ed como se investigue el paradero para la detenci\u00f3n de los asesinos del compa\u00f1ero Rodolfo D\u00edaz.<\/p>\n\n\n\n<p>Asimismo, acusaron que el edil priista de San Pablo Coatl\u00e1n, Abraham L\u00f3pez, azuza el conflicto a trav\u00e9s de un grupo minoritario, al que financia.<\/p>\n\n\n\n<figure class=\"wp-block-embed-twitter wp-block-embed is-type-rich is-provider-twitter\"><div class=\"wp-block-embed__wrapper\">\n<div class=\"twitter-tweet\"><blockquote class=\"twitter-tweet\" data-lang=\"es\"><p lang=\"es\" dir=\"ltr\">(1) La asamblea de San Baltazar <a href=\"https:\/\/twitter.com\/hashtag\/Loxicha?src=hash&amp;ref_src=twsrc%5Etfw\">#Loxicha<\/a> y sus diversas instancias, se pronunciaron hoy en contra del grupo de pobladores que protest\u00f3 ayer en la capital de Oaxaca y denunci\u00f3 que el edil de San Pablo Coatl\u00e1n, el priista Abraham L\u00f3pez, los apoya para desestabilizar a la comunidad. <a href=\"https:\/\/t.co\/Bt3kDplpZ1\">pic.twitter.com\/Bt3kDplpZ1<\/a><\/p>&mdash; Zona Roja Oaxaca (@MexRoja) <a href=\"https:\/\/twitter.com\/MexRoja\/status\/1340116354980933632?ref_src=twsrc%5Etfw\">19 de diciembre de 2020<\/a><\/blockquote><\/div>\n<\/div><\/figure>\n","protected":false},"excerpt":{"rendered":"<p>Yuridiana Sosa\/Zona Roja. Oaxaca de Ju\u00e1rez, Oax., 18 de diciembre de 2020.- En asamblea general,&hellip;<\/p>\n","protected":false},"author":2,"featured_media":21407,"comment_status":"closed","ping_status":"open","sticky":false,"template":"","format":"standard","meta":{"_lmt_disableupdate":"","_lmt_disable":"","_jetpack_memberships_contains_paid_content":false,"footnotes":""},"categories":[109,47],"tags":[1227],"class_list":["post-21406","post","type-post","status-publish","format-standard","has-post-thumbnail","hentry","category-minuto-a-minuto","category-zona-gris","tag-san-baltazar-loxicha"],"jetpack_featured_media_url":"https:\/\/zonaroja.com.mx\/wp-content\/uploads\/2020\/12\/Asamblea-San-Baltazar-Loxicha.jpg","jetpack_sharing_enabled":true,"_links":{"self":[{"href":"https:\/\/zonaroja.com.mx\/index.php?rest_route=\/wp\/v2\/posts\/21406","targetHints":{"allow":["GET"]}}],"collection":[{"href":"https:\/\/zonaroja.com.mx\/index.php?rest_route=\/wp\/v2\/posts"}],"about":[{"href":"https:\/\/zonaroja.com.mx\/index.php?rest_route=\/wp\/v2\/types\/post"}],"author":[{"embeddable":true,"href":"https:\/\/zonaroja.com.mx\/index.php?rest_route=\/wp\/v2\/users\/2"}],"replies":[{"embeddable":true,"href":"https:\/\/zonaroja.com.mx\/index.php?rest_route=%2Fwp%2Fv2%2Fcomments&post=21406"}],"version-history":[{"count":1,"href":"https:\/\/zonaroja.com.mx\/index.php?rest_route=\/wp\/v2\/posts\/21406\/revisions"}],"predecessor-version":[{"id":21408,"href":"https:\/\/zonaroja.com.mx\/index.php?rest_route=\/wp\/v2\/posts\/21406\/revisions\/21408"}],"wp:featuredmedia":[{"embeddable":true,"href":"https:\/\/zonaroja.com.mx\/index.php?rest_route=\/wp\/v2\/media\/21407"}],"wp:attachment":[{"href":"https:\/\/zonaroja.com.mx\/index.php?rest_route=%2Fwp%2Fv2%2Fmedia&parent=21406"}],"wp:term":[{"taxonomy":"category","embeddable":true,"href":"https:\/\/zonaroja.com.mx\/index.php?rest_route=%2Fwp%2Fv2%2Fcategories&post=21406"},{"taxonomy":"post_tag","embeddable":true,"href":"https:\/\/zonaroja.com.mx\/index.php?rest_route=%2Fwp%2Fv2%2Ftags&post=21406"}],"curies":[{"name":"wp","href":"https:\/\/api.w.org\/{rel}","templated":true}]}}