{"id":2141,"date":"2019-07-09T22:04:28","date_gmt":"2019-07-10T03:04:28","guid":{"rendered":"http:\/\/www.zonaroja.com.mx\/?p=2141"},"modified":"2019-07-09T22:04:30","modified_gmt":"2019-07-10T03:04:30","slug":"denuncian-grupo-armado-y-encapuchado-en-terrenos-de-san-dionisio","status":"publish","type":"post","link":"https:\/\/zonaroja.com.mx\/?p=2141","title":{"rendered":"Denuncian grupo armado y encapuchado en terrenos de San Dionisio"},"content":{"rendered":"\n<p>Redacci\u00f3n<\/p>\n\n\n\n<p>Oaxaca de\nJu\u00e1rez, Oax., 9 de julio de 2019.- La autoridad de San Dionisio Ocotepec\nreconoci\u00f3 que en ese municipio mantienen a varias personas, pero no est\u00e1n privadas\nde la libertad, sino que \u201cse les invit\u00f3 de la mejor manera para trasladarse a\nla comunidad\u201d.<\/p>\n\n\n\n<p>En un\nmanifiesto, precis\u00f3 que el pasado domingo acudieron a recuperar un predio en\npoder del empresario Edy Monterrosa M\u00e9ndez, donde se asienta una antena, misma\nque fue derribada.<\/p>\n\n\n\n<p>Expuso que desde\nhace a\u00f1os \u201cde manera ilegal ha invadido las tierras comunales de San Dionisio\nOcotepec y ha puesto personas armadas cuidando el terrero invadido, mismas que\nhan amenazado e intimidando a nuestros campesinos\u201d.<\/p>\n\n\n\n<p>En diversas\nocasiones, se le pidi\u00f3 al se\u00f1or Monterrosa presentara el documento que acredita\nsu permiso de estancia en el terreno o bien que de manera inmediata desalojara las\ntierras, notificaci\u00f3n que se le hizo tambi\u00e9n a trav\u00e9s de su apoderado legal,\nEverardo Mateo Escobar.<\/p>\n\n\n\n<p>Pero \u201csiempre\nactu\u00f3 de manera omisa y dolosa, de tales hechos tambi\u00e9n se le hizo de\nconocimiento a la Fiscal\u00eda General del Estado, Procuradur\u00eda Agraria y al gobernador,\nsin embargo, todos actuaron de manera omisa, sin el menor inter\u00e9s de dar&nbsp; soluci\u00f3n al asunto\u201d.<\/p>\n\n\n\n<p>Por ello la\npoblaci\u00f3n decidi\u00f3 acudir a la zona y recuperar las tierras consistentes en 325\nmetros cuadrados, \u201cdonde ya exist\u00edan construcciones de concreto, cocina,\ncomedor, ba\u00f1os, y s\u00f3tanos; grande fue la sorpresa que cuando los ciudadanos\nllegaron al lugar, nos encontramos con gente armada vestida de soldados y\npasamonta\u00f1as, quienes nunca se identificaron\u201d.<\/p>\n\n\n\n<p>Tras ello, las\npersonas que se encontraban en el lugar, \u201cse les invit\u00f3 de la mejor manera a\nque se trasladaran a la comunidad para llegar a acuerdos que no violentaran los\nderechos de ninguna de las partes en conflicto, a lo cual accedieron y por la\ntarde del 7 de julio se dio&nbsp; inicio a\npl\u00e1ticas.<\/p>\n\n\n\n<p>\u201cSin embargo,\nno se ha podido concretar porque el empresario Edy Monterrosa se ha negado\ntajantemente a presentarse en San Dionisio Ocotepec, ello a pesar de existir\nlas condiciones y aun cuando sus mismos trabajadores le han exhortado a dar\nsoluci\u00f3n a este tema. <\/p>\n\n\n\n<p>Convoc\u00f3 de\nnuevo a la Fiscal\u00eda General, a la Secretar\u00eda General de Gobierno y a la\nProcuradur\u00eda Agraria a retomar y atender la problem\u00e1tica. Exigi\u00f3:<\/p>\n\n\n\n<p>* Llegar a\nla firma de un acuerdo de paz y seguridad a fin de que se genere la armon\u00eda en\nla comunidad.<\/p>\n\n\n\n<p>* Respeto a las\ntierras comunales que de manera ilegal hab\u00edan sido invadidas por el Edy Monterrosa\nM\u00e9ndez, as\u00ed como el respeto a la libertad de decisi\u00f3n sobre estas tierras.<\/p>\n\n\n\n<p>* Que Edy\nMonterrosa M\u00e9ndez o cualquier otra persona ajena a la comunidad, se comprometan\na nunca volver a invadir y menos a perjudicar las tierras comunales de San\nDionisio Ocotepec.<\/p>\n\n\n\n<p>* Que Edy\nMonterrosa M\u00e9ndez,&nbsp; se presente en la\ncomunidad,&nbsp; realice una disculpa p\u00fablica\npor el perjuicio que ha ocasionado y comprometerse a&nbsp; hacer la reparaci\u00f3n de los da\u00f1os ocasionados\nen la fracci\u00f3n de terreno que en su momento invadieron de manera ilegal.<\/p>\n\n\n\n<p>* Los\nhabitantes de la comunidad responsabilizan a Edy Monterrosa M\u00e9ndez ante\ncualquier agresi\u00f3n o represalia contra los comuneros, quienes tienen terrenos\nen los l\u00edmites con la zona que fue recuperada, o contra cualquier habitante de la\ncomunidad de San Dionisio Ocotepec, Oaxaca.<\/p>\n","protected":false},"excerpt":{"rendered":"<p>Redacci\u00f3n Oaxaca de Ju\u00e1rez, Oax., 9 de julio de 2019.- La autoridad de San Dionisio&hellip;<\/p>\n","protected":false},"author":2,"featured_media":2142,"comment_status":"closed","ping_status":"open","sticky":false,"template":"","format":"standard","meta":{"_lmt_disableupdate":"","_lmt_disable":"","_jetpack_memberships_contains_paid_content":false,"footnotes":""},"categories":[109,51],"tags":[322],"class_list":["post-2141","post","type-post","status-publish","format-standard","has-post-thumbnail","hentry","category-minuto-a-minuto","category-zona-roja","tag-retenidos-san-dionisio-ocotepec"],"jetpack_featured_media_url":"https:\/\/zonaroja.com.mx\/wp-content\/uploads\/2019\/07\/San-Dionisio-Ocotepec-terreno-invadido-1.jpg","jetpack_sharing_enabled":true,"_links":{"self":[{"href":"https:\/\/zonaroja.com.mx\/index.php?rest_route=\/wp\/v2\/posts\/2141","targetHints":{"allow":["GET"]}}],"collection":[{"href":"https:\/\/zonaroja.com.mx\/index.php?rest_route=\/wp\/v2\/posts"}],"about":[{"href":"https:\/\/zonaroja.com.mx\/index.php?rest_route=\/wp\/v2\/types\/post"}],"author":[{"embeddable":true,"href":"https:\/\/zonaroja.com.mx\/index.php?rest_route=\/wp\/v2\/users\/2"}],"replies":[{"embeddable":true,"href":"https:\/\/zonaroja.com.mx\/index.php?rest_route=%2Fwp%2Fv2%2Fcomments&post=2141"}],"version-history":[{"count":1,"href":"https:\/\/zonaroja.com.mx\/index.php?rest_route=\/wp\/v2\/posts\/2141\/revisions"}],"predecessor-version":[{"id":2143,"href":"https:\/\/zonaroja.com.mx\/index.php?rest_route=\/wp\/v2\/posts\/2141\/revisions\/2143"}],"wp:featuredmedia":[{"embeddable":true,"href":"https:\/\/zonaroja.com.mx\/index.php?rest_route=\/wp\/v2\/media\/2142"}],"wp:attachment":[{"href":"https:\/\/zonaroja.com.mx\/index.php?rest_route=%2Fwp%2Fv2%2Fmedia&parent=2141"}],"wp:term":[{"taxonomy":"category","embeddable":true,"href":"https:\/\/zonaroja.com.mx\/index.php?rest_route=%2Fwp%2Fv2%2Fcategories&post=2141"},{"taxonomy":"post_tag","embeddable":true,"href":"https:\/\/zonaroja.com.mx\/index.php?rest_route=%2Fwp%2Fv2%2Ftags&post=2141"}],"curies":[{"name":"wp","href":"https:\/\/api.w.org\/{rel}","templated":true}]}}