{"id":21423,"date":"2020-12-19T08:24:22","date_gmt":"2020-12-19T14:24:22","guid":{"rendered":"http:\/\/www.zonaroja.com.mx\/?p=21423"},"modified":"2020-12-19T08:25:09","modified_gmt":"2020-12-19T14:25:09","slug":"navidad-en-casa-en-cdmx-y-edomex-inician-hoy-en-semaforo-rojo","status":"publish","type":"post","link":"https:\/\/zonaroja.com.mx\/?p=21423","title":{"rendered":"Navidad en casa en Cdmx y Edomex; inician hoy en sem\u00e1foro rojo"},"content":{"rendered":"\n<p>Redacci\u00f3n\/Zona Roja.<\/p>\n\n\n\n<p>Ciudad de M\u00e9xico, 19 de diciembre de 2020.- Con una ocupaci\u00f3n hospitalaria de camas Covid por encima de 75 por ciento, el Estado de M\u00e9xico y la Ciudad de M\u00e9xico regresan al rojo del sem\u00e1foro epidemiol\u00f3gico desde hoy y hasta el 10 de enero de 2021.<\/p>\n\n\n\n<p>La capital hab\u00eda transitado casi seis meses en el naranja y una m\u00e1s en Alerta por Covid-19; Edomex dur\u00f3 cerca de cinco meses en esta fase.<\/p>\n\n\n\n<p>Ayer, el subsecretario de Prevenci\u00f3n y Promoci\u00f3n de la Salud, Hugo L\u00f3pez-Gatell; la jefa de Gobierno, Claudia Sheinbaum; y el gobernador mexiquense, Alfredo del Mazo, dieron detalles de este nuevo cierre de actividades no esenciales.<\/p>\n\n\n\n<p>\u201cLa inercia que tiene la epidemia en esta regi\u00f3n requiere esfuerzos adicionales y hemos llegado a la conclusi\u00f3n de que se requieren medidas extraordinarias, que en este momento son indispensables para lograr que durante las siguientes semanas, en particular las siguientes tres, se reduzcan los contagios, se reduzcan las hospitalizaciones y se reduzcan las muertes\u201d, dijo el representante del gobierno federal.<\/p>\n\n\n\n<p>Las actividades esenciales que van a poder operar en este periodo son: venta de alimentos sin preparar y preparados exclusivamente como servicio de entrega, no para consumir en locales; sectores de energ\u00eda, transporte, manufactura, salud, servicios funerarios, construcci\u00f3n, financieros y de telecomunicaciones; fabricaci\u00f3n, comercializaci\u00f3n y venta de medicamentos; diversos talleres de reparaciones y refacciones; servicios que brinda el Gobierno de los sectores tributario, de seguridad, obra p\u00fablica y agua.<\/p>\n\n\n\n<p>En la Zona Metropolitana del Valle de M\u00e9xico, conformada por 16 alcald\u00edas capitalinas y 59 municipios mexiquenses, hay seis mil 832 hospitalizados por Covid-19, de los cuales mil 496 est\u00e1n intubados, seg\u00fan el \u00faltimo reporte oficial.<\/p>\n\n\n\n<p>La jefa de Gobierno se\u00f1al\u00f3 que van a incrementar la capacidad hospitalaria, en coordinaci\u00f3n con el Gobierno federal.<\/p>\n\n\n\n<p>\u201cPero aun ampliando toda la capacidad hospitalaria, necesitamos necesariamente disminuir la curva de contagios para que disminuya la curva de hospitalizaciones y por eso es que tomamos estas medidas. Pedimos un esfuerzo extraordinario a toda la ciudadan\u00eda.<\/p>\n\n\n\n<p>\u201cLa Ciudad de M\u00e9xico entra a sem\u00e1foro rojo y por tal motivo, junto con el Estado de M\u00e9xico, tenemos que disminuir la actividad\u201d, explic\u00f3.<\/p>\n\n\n\n<p>El gobernador del Estado de M\u00e9xico recalc\u00f3 que se suspenden todas las actividades no esenciales.<\/p>\n\n\n\n<p>Por la tarde, el subsecretario L\u00f3pez-Gatell advirti\u00f3 que de no funcionar estas medidas para la disminuci\u00f3n de actividades y de movilidad de la poblaci\u00f3n, a partir de los primeros d\u00edas de enero se tendr\u00edan que pensar medidas m\u00e1s severas para contener la pandemia del coronavirus.<\/p>\n\n\n\n<p>(Informaci\u00f3n de \u00abEl Heraldo de M\u00e9xico\u00bb)<\/p>\n","protected":false},"excerpt":{"rendered":"<p>Redacci\u00f3n\/Zona Roja. Ciudad de M\u00e9xico, 19 de diciembre de 2020.- Con una ocupaci\u00f3n hospitalaria de&hellip;<\/p>\n","protected":false},"author":2,"featured_media":21424,"comment_status":"closed","ping_status":"open","sticky":false,"template":"","format":"standard","meta":{"_lmt_disableupdate":"","_lmt_disable":"","_jetpack_memberships_contains_paid_content":false,"footnotes":""},"categories":[109,47],"tags":[1328],"class_list":["post-21423","post","type-post","status-publish","format-standard","has-post-thumbnail","hentry","category-minuto-a-minuto","category-zona-gris","tag-coronavirus-mexico"],"jetpack_featured_media_url":"https:\/\/zonaroja.com.mx\/wp-content\/uploads\/2020\/12\/Movilidad-Covid-Cdmx.jpeg","jetpack_sharing_enabled":true,"_links":{"self":[{"href":"https:\/\/zonaroja.com.mx\/index.php?rest_route=\/wp\/v2\/posts\/21423","targetHints":{"allow":["GET"]}}],"collection":[{"href":"https:\/\/zonaroja.com.mx\/index.php?rest_route=\/wp\/v2\/posts"}],"about":[{"href":"https:\/\/zonaroja.com.mx\/index.php?rest_route=\/wp\/v2\/types\/post"}],"author":[{"embeddable":true,"href":"https:\/\/zonaroja.com.mx\/index.php?rest_route=\/wp\/v2\/users\/2"}],"replies":[{"embeddable":true,"href":"https:\/\/zonaroja.com.mx\/index.php?rest_route=%2Fwp%2Fv2%2Fcomments&post=21423"}],"version-history":[{"count":2,"href":"https:\/\/zonaroja.com.mx\/index.php?rest_route=\/wp\/v2\/posts\/21423\/revisions"}],"predecessor-version":[{"id":21426,"href":"https:\/\/zonaroja.com.mx\/index.php?rest_route=\/wp\/v2\/posts\/21423\/revisions\/21426"}],"wp:featuredmedia":[{"embeddable":true,"href":"https:\/\/zonaroja.com.mx\/index.php?rest_route=\/wp\/v2\/media\/21424"}],"wp:attachment":[{"href":"https:\/\/zonaroja.com.mx\/index.php?rest_route=%2Fwp%2Fv2%2Fmedia&parent=21423"}],"wp:term":[{"taxonomy":"category","embeddable":true,"href":"https:\/\/zonaroja.com.mx\/index.php?rest_route=%2Fwp%2Fv2%2Fcategories&post=21423"},{"taxonomy":"post_tag","embeddable":true,"href":"https:\/\/zonaroja.com.mx\/index.php?rest_route=%2Fwp%2Fv2%2Ftags&post=21423"}],"curies":[{"name":"wp","href":"https:\/\/api.w.org\/{rel}","templated":true}]}}