{"id":21427,"date":"2020-12-19T08:33:16","date_gmt":"2020-12-19T14:33:16","guid":{"rendered":"http:\/\/www.zonaroja.com.mx\/?p=21427"},"modified":"2020-12-19T08:33:21","modified_gmt":"2020-12-19T14:33:21","slug":"crimen-organizado-habria-ejecutado-al-ex-gobernador-de-jalisco","status":"publish","type":"post","link":"https:\/\/zonaroja.com.mx\/?p=21427","title":{"rendered":"Crimen organizado habr\u00eda ejecutado al ex gobernador de Jalisco"},"content":{"rendered":"\n<p>Redacci\u00f3n\/Zona Roja Cdmx.<\/p>\n\n\n\n<p>Ciudad de M\u00e9xico, 19 de diciembre de 2020.- En un ataque directo, en el que los primeros disparos fueron por la espalda, el exgobernador de Jalisco, Jorge Arist\u00f3teles Sandoval, fue asesinado ayer a las 1:40 de la madrugada en Puerto Vallarta.<\/p>\n\n\n\n<p>Enrique Alfaro, actual gobernador de Jalisco, dijo que la delincuencia organizada est\u00e1 detr\u00e1s del \u00abcobarde asesinato\u00bb, y calific\u00f3 el crimen como un desaf\u00edo al Estado mexicano.<\/p>\n\n\n\n<p>Sandoval estuvo en el bar \u00abDistrito 5\u00bb desde las 10 de la noche del jueves y era acompa\u00f1ado por tres personas m\u00e1s; al dirigirse al sanitario recibi\u00f3 disparos. Al intentar trasladarlo a un hospital se suscit\u00f3 una balacera en la que actuaron m\u00e1s de 30 personas. En el lugar cay\u00f3 herido uno de los dos escoltas que lo acompa\u00f1aba.<\/p>\n\n\n\n<p>El secretario de Seguridad P\u00fablica, Juan Bosco Pacheco, confirm\u00f3 que se ten\u00eda asignado a un grupo de 15 escoltas que estaban distribuidos entre su familia.<\/p>\n\n\n\n<p>El fiscal Gerardo Octavio Sol\u00eds inform\u00f3 que la escena del crimen fue alterada, limpiada y que los videos de seguridad fueron extra\u00eddos presuntamente por los empleados del lugar.<\/p>\n\n\n\n<p>Reiter\u00f3 que el modo de operar en el ataque se vincula con grupos de la delincuencia organizada; sin embargo, no atribuy\u00f3 el asesinato a ning\u00fan grupo en espec\u00edfico.<\/p>\n\n\n\n<p>La tarde de ayer, el cuerpo de Sandoval D\u00edaz, una vez identificado por su esposa, Lorena Arriaga, fue trasladado a Guadalajara para ser velado y&nbsp; hoy&nbsp; se le rendir\u00e1n homenajes en el Palacio de Gobierno, el Congreso&nbsp; y el Ayuntamiento de Guadalajara.<\/p>\n\n\n\n<p>ENV\u00cdAN CONDOLENCIAS<\/p>\n\n\n\n<p>El presidente Andr\u00e9s Manuel L\u00f3pez Obrador lament\u00f3 el asesinato&nbsp; y aclar\u00f3 que corresponde a las autoridades de Jalisco llevar a cabo la investigaci\u00f3n , \u00abpero en todo momento estar\u00edamos dispuestos a ayudar\u201d, asegur\u00f3.<\/p>\n\n\n\n<p>Pol\u00edticos de diversos partidos condenaron el homicidio. Las bancadas del PRI en el Congreso exigieron justicia.<\/p>\n\n\n\n<p>Tambi\u00e9n se sumaron los grupos legislativos de MC y del PRD en Diputados. La coordinadora del sol azteca, Ver\u00f3nica Ju\u00e1rez, despidi\u00f3 a Arist\u00f3teles llam\u00e1ndolo \u201ccompa\u00f1ero de distintas luchas estudiantiles\u201d.<\/p>\n\n\n\n<p>El presidente nacional del PRI, Alejandro Moreno, envi\u00f3 condolencias para los deudos, y el presidente del PAN, Marko Cort\u00e9s, exigi\u00f3 castigo a los responsables.&nbsp;<\/p>\n","protected":false},"excerpt":{"rendered":"<p>Redacci\u00f3n\/Zona Roja Cdmx. Ciudad de M\u00e9xico, 19 de diciembre de 2020.- En un ataque directo,&hellip;<\/p>\n","protected":false},"author":2,"featured_media":21428,"comment_status":"closed","ping_status":"open","sticky":false,"template":"","format":"standard","meta":{"_lmt_disableupdate":"","_lmt_disable":"","_jetpack_memberships_contains_paid_content":false,"footnotes":""},"categories":[109,47],"tags":[2302],"class_list":["post-21427","post","type-post","status-publish","format-standard","has-post-thumbnail","hentry","category-minuto-a-minuto","category-zona-gris","tag-aristoteles-sandoval-diaz"],"jetpack_featured_media_url":"https:\/\/zonaroja.com.mx\/wp-content\/uploads\/2020\/12\/Crimen-Aristoteles-Sandoval.png","jetpack_sharing_enabled":true,"_links":{"self":[{"href":"https:\/\/zonaroja.com.mx\/index.php?rest_route=\/wp\/v2\/posts\/21427","targetHints":{"allow":["GET"]}}],"collection":[{"href":"https:\/\/zonaroja.com.mx\/index.php?rest_route=\/wp\/v2\/posts"}],"about":[{"href":"https:\/\/zonaroja.com.mx\/index.php?rest_route=\/wp\/v2\/types\/post"}],"author":[{"embeddable":true,"href":"https:\/\/zonaroja.com.mx\/index.php?rest_route=\/wp\/v2\/users\/2"}],"replies":[{"embeddable":true,"href":"https:\/\/zonaroja.com.mx\/index.php?rest_route=%2Fwp%2Fv2%2Fcomments&post=21427"}],"version-history":[{"count":1,"href":"https:\/\/zonaroja.com.mx\/index.php?rest_route=\/wp\/v2\/posts\/21427\/revisions"}],"predecessor-version":[{"id":21429,"href":"https:\/\/zonaroja.com.mx\/index.php?rest_route=\/wp\/v2\/posts\/21427\/revisions\/21429"}],"wp:featuredmedia":[{"embeddable":true,"href":"https:\/\/zonaroja.com.mx\/index.php?rest_route=\/wp\/v2\/media\/21428"}],"wp:attachment":[{"href":"https:\/\/zonaroja.com.mx\/index.php?rest_route=%2Fwp%2Fv2%2Fmedia&parent=21427"}],"wp:term":[{"taxonomy":"category","embeddable":true,"href":"https:\/\/zonaroja.com.mx\/index.php?rest_route=%2Fwp%2Fv2%2Fcategories&post=21427"},{"taxonomy":"post_tag","embeddable":true,"href":"https:\/\/zonaroja.com.mx\/index.php?rest_route=%2Fwp%2Fv2%2Ftags&post=21427"}],"curies":[{"name":"wp","href":"https:\/\/api.w.org\/{rel}","templated":true}]}}