{"id":21430,"date":"2020-12-19T12:41:05","date_gmt":"2020-12-19T18:41:05","guid":{"rendered":"http:\/\/www.zonaroja.com.mx\/?p=21430"},"modified":"2020-12-19T12:41:09","modified_gmt":"2020-12-19T18:41:09","slug":"personal-de-confianza-del-ayuntamiento-capitalino-denuncia-falta-de-pago","status":"publish","type":"post","link":"https:\/\/zonaroja.com.mx\/?p=21430","title":{"rendered":"Personal de confianza del ayuntamiento capitalino denuncia falta de pago"},"content":{"rendered":"\n<p>Evlin Arag\u00f3n\/Zona Roja.<\/p>\n\n\n\n<p>Oaxaca de Ju\u00e1rez, Oax., 19 de diciembre de 2020.- Personal de confianza y contrato adscrito al ayuntamiento de Oaxaca de Ju\u00e1rez denunci\u00f3, de nueva cuenta, la falta de pago a sus quincenas, en esta ocasi\u00f3n a la primera del mes de diciembre, que tendr\u00eda que haber sido cubierta el pasado mi\u00e9rcoles.<\/p>\n\n\n\n<p>Conforme a los mensajes que han compartido a los medios de comunicaci\u00f3n v\u00eda redes sociales y otras plataformas digitales, el personal sindicalizado y de polic\u00eda cobr\u00f3 su sueldo en tiempo y forma, por lo que los afectados consideran que el argumento de que no hay recurso no es v\u00e1lido, ya que se trata de un presupuesto asignado de manera anual.<\/p>\n\n\n\n<p>\u201c\u00bfAcaso est\u00e1n jineteando el dinero de nosotros otros d\u00edas m\u00e1s con los intereses que le da el banco?\u201d, refiere la publicaci\u00f3n.<\/p>\n\n\n\n<p>De los hechos responsabilizaron a la tesorera municipal Rebeca Morales Garc\u00eda y al presidente municipal Oswaldo Garcia Jarqu\u00edn, quien recientemente ha hecho gala de su autoritarismo al amenazar con despedir al personal que no est\u00e9 dispuesto a aguantar la falta de pago y de aumento salarial.<\/p>\n\n\n\n<p>\u201cDurante estos dos a\u00f1os de administraci\u00f3n este presidente no nos ha subido el salario y por el temor a ser despedidos no decimos nada, ya hasta sus m\u00e1s cercanos colaboradores ha amenazado con correrlos de acuerdo a los audios y publicaciones que todo el mundo ha visto y escuchado, que podemos esperar que somos trabajadores de bajo nivel\u201d.<\/p>\n\n\n\n<p>Lamentaron que pese a que ha sido el personal de confianza y contrato el que ha sacado el trabajo durante este periodo de pandemia, no ha sido retribuido con un aumento salarial o apoyo econ\u00f3mico que reconozca el compromiso laboral, por el contrario, han sido amenazados con perder su empleo en caso de insistir con su leg\u00edtima denuncia.<\/p>\n\n\n\n<p>Por lo anterior, exigieron el pago inmediato de la primera quincena del mes de diciembre y las subsecuentes, as\u00ed como el pago \u00edntegro del aguinaldo que por ley les corresponde, sin ning\u00fan tipo de condicionamiento por parte de la autoridad.<\/p>\n\n\n\n<p>La denuncia de adeudos a salarios por parte del edil de Oaxaca de Ju\u00e1rez no es nuevo; el pasado mes de octubre el mismo personal manifest\u00f3 que la actual administraci\u00f3n le ha quedado a deber a los trabajadores de confianza y contrato a quienes no se les autoriz\u00f3 el aumento de salario.<\/p>\n\n\n\n<p>\u201cYa van cinco a\u00f1os que no tenemos estas prestaciones, esto lo puede usted investigar con la Direcci\u00f3n de Administraci\u00f3n, a nosotros nos hacen trabajar de nueve a diez horas al d\u00eda, hasta los s\u00e1bados, y desgraciadamente no nos atrevemos a manifestamos por miedo a perder nuestro trabajo por las amenazas que hemos sido objeto\u201d, dijeron en ese momento.<\/p>\n","protected":false},"excerpt":{"rendered":"<p>Evlin Arag\u00f3n\/Zona Roja. Oaxaca de Ju\u00e1rez, Oax., 19 de diciembre de 2020.- Personal de confianza&hellip;<\/p>\n","protected":false},"author":2,"featured_media":19043,"comment_status":"closed","ping_status":"open","sticky":false,"template":"","format":"standard","meta":{"_lmt_disableupdate":"","_lmt_disable":"","_jetpack_memberships_contains_paid_content":false,"footnotes":""},"categories":[109,47],"tags":[115],"class_list":["post-21430","post","type-post","status-publish","format-standard","has-post-thumbnail","hentry","category-minuto-a-minuto","category-zona-gris","tag-oswaldo-garcia-jarquin"],"jetpack_featured_media_url":"https:\/\/zonaroja.com.mx\/wp-content\/uploads\/2020\/10\/Ayuntamiento-Oaxaca-de-Juarez.jpg","jetpack_sharing_enabled":true,"_links":{"self":[{"href":"https:\/\/zonaroja.com.mx\/index.php?rest_route=\/wp\/v2\/posts\/21430","targetHints":{"allow":["GET"]}}],"collection":[{"href":"https:\/\/zonaroja.com.mx\/index.php?rest_route=\/wp\/v2\/posts"}],"about":[{"href":"https:\/\/zonaroja.com.mx\/index.php?rest_route=\/wp\/v2\/types\/post"}],"author":[{"embeddable":true,"href":"https:\/\/zonaroja.com.mx\/index.php?rest_route=\/wp\/v2\/users\/2"}],"replies":[{"embeddable":true,"href":"https:\/\/zonaroja.com.mx\/index.php?rest_route=%2Fwp%2Fv2%2Fcomments&post=21430"}],"version-history":[{"count":1,"href":"https:\/\/zonaroja.com.mx\/index.php?rest_route=\/wp\/v2\/posts\/21430\/revisions"}],"predecessor-version":[{"id":21431,"href":"https:\/\/zonaroja.com.mx\/index.php?rest_route=\/wp\/v2\/posts\/21430\/revisions\/21431"}],"wp:featuredmedia":[{"embeddable":true,"href":"https:\/\/zonaroja.com.mx\/index.php?rest_route=\/wp\/v2\/media\/19043"}],"wp:attachment":[{"href":"https:\/\/zonaroja.com.mx\/index.php?rest_route=%2Fwp%2Fv2%2Fmedia&parent=21430"}],"wp:term":[{"taxonomy":"category","embeddable":true,"href":"https:\/\/zonaroja.com.mx\/index.php?rest_route=%2Fwp%2Fv2%2Fcategories&post=21430"},{"taxonomy":"post_tag","embeddable":true,"href":"https:\/\/zonaroja.com.mx\/index.php?rest_route=%2Fwp%2Fv2%2Ftags&post=21430"}],"curies":[{"name":"wp","href":"https:\/\/api.w.org\/{rel}","templated":true}]}}