{"id":21432,"date":"2020-12-19T13:03:17","date_gmt":"2020-12-19T19:03:17","guid":{"rendered":"http:\/\/www.zonaroja.com.mx\/?p=21432"},"modified":"2020-12-19T13:03:21","modified_gmt":"2020-12-19T19:03:21","slug":"asesinan-a-tres-personas-en-oaxaca-dos-en-el-istmo-y-una-en-valles","status":"publish","type":"post","link":"https:\/\/zonaroja.com.mx\/?p=21432","title":{"rendered":"Asesinan a tres personas en Oaxaca, dos en el Istmo y una en Valles"},"content":{"rendered":"\n<p>Ismael Garc\u00eda M.\/Zona Roja.<\/p>\n\n\n\n<p>Oaxaca de Ju\u00e1rez, OAx., 19 de diciembre de 2020.- Tres personas han sido asesinadas en primeras horas de este s\u00e1bado, dos en la regi\u00f3n del Istmo de Tehuantepec y una en los Valles Centrales de Oaxaca.<\/p>\n\n\n\n<p>Alrededor de la 01:00 horas, en un domicilio de la calle Benito Ju\u00e1rez en la localidad de Santiago Ixtaltepec, del municipio istme\u00f1o de Asunci\u00f3n Ixtaltepec, fueron ultimados a balazos dos individuos, t\u00edo y sobrino.<\/p>\n\n\n\n<p>Las v\u00edctimas fueron identificadas como Eugenio R. E., de 40 a\u00f1os de edad, y Josu\u00e9 E. S., de 21 a\u00f1os; hasta el momento se desconoce el m\u00f3vil del doble homicidio.<\/p>\n\n\n\n<figure class=\"wp-block-embed-twitter wp-block-embed is-type-rich is-provider-twitter\"><div class=\"wp-block-embed__wrapper\">\n<div class=\"twitter-tweet\"><blockquote class=\"twitter-tweet\" data-lang=\"es\"><p lang=\"es\" dir=\"ltr\"><a href=\"https:\/\/twitter.com\/hashtag\/%C3%9AltimoMinuto?src=hash&amp;ref_src=twsrc%5Etfw\">#\u00daltimoMinuto<\/a> <br>Un individuo fue degollado esta ma\u00f1ana en calle Oriente y avenida Ferrocarril de Nativitas, de la Villa de <a href=\"https:\/\/twitter.com\/hashtag\/Etla?src=hash&amp;ref_src=twsrc%5Etfw\">#Etla<\/a>, <a href=\"https:\/\/twitter.com\/hashtag\/Oaxaca?src=hash&amp;ref_src=twsrc%5Etfw\">#Oaxaca<\/a>; s\u00f3lo ha sido identificado como \u201cEl Cruzito\u201d. <a href=\"https:\/\/t.co\/NVjGwRsdxi\">pic.twitter.com\/NVjGwRsdxi<\/a><\/p>&mdash; Zona Roja Oaxaca (@MexRoja) <a href=\"https:\/\/twitter.com\/MexRoja\/status\/1340342562528370688?ref_src=twsrc%5Etfw\">19 de diciembre de 2020<\/a><\/blockquote><\/div>\n<\/div><\/figure>\n\n\n\n<p>Por otra parte, despu\u00e9s de las 07:00 horas se inform\u00f3 de la localizaci\u00f3n del cuerpo de una persona, degollada, en la calle Oriente y avenida Ferrocarril, en la poblaci\u00f3n de Nativistas, de la Villa de Etla.<\/p>\n\n\n\n<p>De manera preliminar fue identificado como \u201cEl Cruzito\u201d, de 25 a\u00f1os de edad, originario de Santo Domingo Barrio Bajo, Etla, y presuntamente se dirig\u00eda a labores del campo cuando fue atacado.<\/p>\n\n\n\n<p>En ambos casos no hay personas detenidas ni se conoce el m\u00f3vil de los homicidios.<\/p>\n","protected":false},"excerpt":{"rendered":"<p>Ismael Garc\u00eda M.\/Zona Roja. Oaxaca de Ju\u00e1rez, OAx., 19 de diciembre de 2020.- Tres personas&hellip;<\/p>\n","protected":false},"author":2,"featured_media":21433,"comment_status":"closed","ping_status":"open","sticky":false,"template":"","format":"standard","meta":{"_lmt_disableupdate":"","_lmt_disable":"","_jetpack_memberships_contains_paid_content":false,"footnotes":""},"categories":[109,51],"tags":[882],"class_list":["post-21432","post","type-post","status-publish","format-standard","has-post-thumbnail","hentry","category-minuto-a-minuto","category-zona-roja","tag-villa-de-etla"],"jetpack_featured_media_url":"https:\/\/zonaroja.com.mx\/wp-content\/uploads\/2020\/12\/Ejecutado-Etla-2.jpg","jetpack_sharing_enabled":true,"_links":{"self":[{"href":"https:\/\/zonaroja.com.mx\/index.php?rest_route=\/wp\/v2\/posts\/21432","targetHints":{"allow":["GET"]}}],"collection":[{"href":"https:\/\/zonaroja.com.mx\/index.php?rest_route=\/wp\/v2\/posts"}],"about":[{"href":"https:\/\/zonaroja.com.mx\/index.php?rest_route=\/wp\/v2\/types\/post"}],"author":[{"embeddable":true,"href":"https:\/\/zonaroja.com.mx\/index.php?rest_route=\/wp\/v2\/users\/2"}],"replies":[{"embeddable":true,"href":"https:\/\/zonaroja.com.mx\/index.php?rest_route=%2Fwp%2Fv2%2Fcomments&post=21432"}],"version-history":[{"count":1,"href":"https:\/\/zonaroja.com.mx\/index.php?rest_route=\/wp\/v2\/posts\/21432\/revisions"}],"predecessor-version":[{"id":21434,"href":"https:\/\/zonaroja.com.mx\/index.php?rest_route=\/wp\/v2\/posts\/21432\/revisions\/21434"}],"wp:featuredmedia":[{"embeddable":true,"href":"https:\/\/zonaroja.com.mx\/index.php?rest_route=\/wp\/v2\/media\/21433"}],"wp:attachment":[{"href":"https:\/\/zonaroja.com.mx\/index.php?rest_route=%2Fwp%2Fv2%2Fmedia&parent=21432"}],"wp:term":[{"taxonomy":"category","embeddable":true,"href":"https:\/\/zonaroja.com.mx\/index.php?rest_route=%2Fwp%2Fv2%2Fcategories&post=21432"},{"taxonomy":"post_tag","embeddable":true,"href":"https:\/\/zonaroja.com.mx\/index.php?rest_route=%2Fwp%2Fv2%2Ftags&post=21432"}],"curies":[{"name":"wp","href":"https:\/\/api.w.org\/{rel}","templated":true}]}}