{"id":21435,"date":"2020-12-19T13:19:31","date_gmt":"2020-12-19T19:19:31","guid":{"rendered":"http:\/\/www.zonaroja.com.mx\/?p=21435"},"modified":"2020-12-19T19:38:17","modified_gmt":"2020-12-20T01:38:17","slug":"ciclistas-piden-respeto-a-su-forma-de-transporte-y-justicia-para-joven-asesinada","status":"publish","type":"post","link":"https:\/\/zonaroja.com.mx\/?p=21435","title":{"rendered":"Con rodada, ciclistas despiden a joven atropellada y muerta ayer; exigen justicia"},"content":{"rendered":"\n<p>Evlin Arag\u00f3n\/Zona Roja.<\/p>\n\n\n\n<p>Oaxaca de Ju\u00e1rez, Oax., 19 de diciembre de 2020.- Con una rodada que parti\u00f3 del Centro Hist\u00f3rico de la ciudad de Oaxaca hacia la zona poniente, decenas de ciclistas acompa\u00f1aron y despidieron hoy los restos de Gabriela Soto, joven atropellada y muerta ayer.<\/p>\n\n\n\n<p>\u201cUna gran tristeza nos invade por el fallecimiento de la ciclista y compa\u00f1era Gabriela Soto,  es una verdadera tragedia\u201d.\u00a0<\/p>\n\n\n\n<p>Son las palabras de integrantes de Vixi Escuela, dedicada a la ense\u00f1anza de andar en bicicleta, quienes exigen a las autoridades municipales y estatales, justicia para la ciclista, quien fuera atropellada la ma\u00f1ana de este viernes en jurisdicci\u00f3n del municipio de Santa Cruz Xoxocotl\u00e1n.\u00a0<\/p>\n\n\n\n<p>A trav\u00e9s de sus redes sociales, lamentaron el fallecimiento de la joven y exigieron a las autoridades no dejar impune el caso, que se suma a una larga lista de accidentes viales que han terminado con la vida de personas que realizan sus traslados con el apoyo de la bicicleta.<\/p>\n\n\n\n<p>\u201cExhortamos a las autoridades a no dejar este acto, ni ning\u00fan otro, impune y se aseguren de hacer valer y de respetar las normas, leyes en favor de la protecci\u00f3n de todas las personas que nos trasladamos de un lugar a otro utilizando cualquier medio de transporte\u201d, se\u00f1alaron.<\/p>\n\n\n\n<p>Para quienes la mayor parte del tiempo se transportan en bicicleta, es fundamental mejorar la cultura vial en la capital oaxaque\u00f1a y zona conurbada, donde existe nula se\u00f1alizaci\u00f3n y pocos espacios para quienes por gusto o necesidad optan por este medio de traslado.\u00a0\u00a0<\/p>\n\n\n\n<figure class=\"wp-block-embed-twitter wp-block-embed is-type-rich is-provider-twitter\"><div class=\"wp-block-embed__wrapper\">\n<div class=\"twitter-tweet\"><blockquote class=\"twitter-tweet\" data-lang=\"es\"><p lang=\"es\" dir=\"ltr\"><a href=\"https:\/\/twitter.com\/hashtag\/%C3%9AltimoMinuto?src=hash&amp;ref_src=twsrc%5Etfw\">#\u00daltimoMinuto<\/a><br>Con una rodada este s\u00e1bado por el centro de la ciudad de <a href=\"https:\/\/twitter.com\/hashtag\/Oaxaca?src=hash&amp;ref_src=twsrc%5Etfw\">#Oaxaca<\/a> y la zona poniente, as\u00ed como con exigencias de justicia, despidieron a Gabriela Soto, la joven que fue atropellada y muerta ayer en el bulevar Guadalupe Hinojosa de Santa Cruz <a href=\"https:\/\/twitter.com\/hashtag\/Xoxocotl%C3%A1n?src=hash&amp;ref_src=twsrc%5Etfw\">#Xoxocotl\u00e1n<\/a>. <a href=\"https:\/\/t.co\/SvCzAyGCFD\">pic.twitter.com\/SvCzAyGCFD<\/a><\/p>&mdash; Zona Roja Oaxaca (@MexRoja) <a href=\"https:\/\/twitter.com\/MexRoja\/status\/1340469222024105986?ref_src=twsrc%5Etfw\">20 de diciembre de 2020<\/a><\/blockquote><\/div>\n<\/div><\/figure>\n\n\n\n<p>Recordaron que la Declaraci\u00f3n Universal de los Derechos Humanos, en su art\u00edculo 13, establece el derecho de toda persona a transitar libremente, mismo que hace referencia a la movilidad que realiza cualquier persona en cualquier ubicaci\u00f3n geogr\u00e1fica donde tenga que desarrollar su vida cotidiana.<\/p>\n\n\n\n<p>As\u00ed mismo, la Comisi\u00f3n Nacional de los Derechos Humanos menciona que el derecho a la movilidad est\u00e1 basado en los principios de solidaridad, libertad, equidad, dignidad y justicia social, y tiene entre otros fines mejorar las condiciones de vida, armonizar la convivencia, as\u00ed como el oportuno acceso a otros derechos humanos.<\/p>\n\n\n\n<p>Por lo anterior insistieron a las autoridades a no dejar sin castigo las faltas viales y delitos penales configurados por aquellos que aprovech\u00e1ndose de ir tras el volante de un veh\u00edculo grande, arremeten de forma cotidiana en contra de las y los ciclistas.&nbsp;<\/p>\n\n\n\n<p>Gabriela Soto perdi\u00f3 la vida luego de ser atropellada por un chofer del transporte p\u00fablico Zaachila Yoo S.A de C.V el cual ha dado a la fuga. La joven, quien era directora de la escuela \u00abEspacios Infantiles\u00bb transitaba en su bicicleta sobre el bulevar Guadalupe Hinojosa, en inmediaciones del municipio de Santa Cruz Xoxocotl\u00e1n.&nbsp;<\/p>\n\n\n\n<p>Este domingo prev\u00e9n realizar manifestaciones pac\u00edficas en la capital del estado, para exigir mayor seguridad a los ciclistas.<\/p>\n","protected":false},"excerpt":{"rendered":"<p>Evlin Arag\u00f3n\/Zona Roja. Oaxaca de Ju\u00e1rez, Oax., 19 de diciembre de 2020.- Con una rodada&hellip;<\/p>\n","protected":false},"author":2,"featured_media":21436,"comment_status":"closed","ping_status":"open","sticky":false,"template":"","format":"standard","meta":{"_lmt_disableupdate":"","_lmt_disable":"","_jetpack_memberships_contains_paid_content":false,"footnotes":""},"categories":[109,47],"tags":[2304,133],"class_list":["post-21435","post","type-post","status-publish","format-standard","has-post-thumbnail","hentry","category-minuto-a-minuto","category-zona-gris","tag-gabriela-soto","tag-santa-cruz-xoxocotlan"],"jetpack_featured_media_url":"https:\/\/zonaroja.com.mx\/wp-content\/uploads\/2020\/12\/Gabriela-Soto-ciclista.jpg","jetpack_sharing_enabled":true,"_links":{"self":[{"href":"https:\/\/zonaroja.com.mx\/index.php?rest_route=\/wp\/v2\/posts\/21435","targetHints":{"allow":["GET"]}}],"collection":[{"href":"https:\/\/zonaroja.com.mx\/index.php?rest_route=\/wp\/v2\/posts"}],"about":[{"href":"https:\/\/zonaroja.com.mx\/index.php?rest_route=\/wp\/v2\/types\/post"}],"author":[{"embeddable":true,"href":"https:\/\/zonaroja.com.mx\/index.php?rest_route=\/wp\/v2\/users\/2"}],"replies":[{"embeddable":true,"href":"https:\/\/zonaroja.com.mx\/index.php?rest_route=%2Fwp%2Fv2%2Fcomments&post=21435"}],"version-history":[{"count":2,"href":"https:\/\/zonaroja.com.mx\/index.php?rest_route=\/wp\/v2\/posts\/21435\/revisions"}],"predecessor-version":[{"id":21443,"href":"https:\/\/zonaroja.com.mx\/index.php?rest_route=\/wp\/v2\/posts\/21435\/revisions\/21443"}],"wp:featuredmedia":[{"embeddable":true,"href":"https:\/\/zonaroja.com.mx\/index.php?rest_route=\/wp\/v2\/media\/21436"}],"wp:attachment":[{"href":"https:\/\/zonaroja.com.mx\/index.php?rest_route=%2Fwp%2Fv2%2Fmedia&parent=21435"}],"wp:term":[{"taxonomy":"category","embeddable":true,"href":"https:\/\/zonaroja.com.mx\/index.php?rest_route=%2Fwp%2Fv2%2Fcategories&post=21435"},{"taxonomy":"post_tag","embeddable":true,"href":"https:\/\/zonaroja.com.mx\/index.php?rest_route=%2Fwp%2Fv2%2Ftags&post=21435"}],"curies":[{"name":"wp","href":"https:\/\/api.w.org\/{rel}","templated":true}]}}