{"id":2144,"date":"2019-07-09T22:21:31","date_gmt":"2019-07-10T03:21:31","guid":{"rendered":"http:\/\/www.zonaroja.com.mx\/?p=2144"},"modified":"2019-07-09T22:21:33","modified_gmt":"2019-07-10T03:21:33","slug":"leodani-comenzaba-sus-vacaciones-fue-a-nadar-y-murio-ahogado","status":"publish","type":"post","link":"https:\/\/zonaroja.com.mx\/?p=2144","title":{"rendered":"Leodani comenzaba sus vacaciones, fue a nadar y muri\u00f3 ahogado"},"content":{"rendered":"\n<p>Redacci\u00f3n<\/p>\n\n\n\n<p>Oaxaca de\nJu\u00e1rez, Oax., 9 de julio de 2019.- Un adolescente de 17 a\u00f1os de edad,\nidentificado como Leodani L. C., quiso comenzar sus vacaciones con unos\nclavados con sus amigos en una presa. Pero muri\u00f3.<\/p>\n\n\n\n<p>Disfrutaba\ncon sus compa\u00f1eros del agua en la presa \u201cEl Boquer\u00f3n\u201d, de la Heroica Ciudad de\nTlaxiaco; no obstante, en un momento desapareci\u00f3 de la visibilidad de quienes\nlo acompa\u00f1aban.<\/p>\n\n\n\n<p>Cuando lo\nbuscaron y rescataron, el adolescente que tuvo su domicilio en la calle Sabinos\ndel barrio San Sebasti\u00e1n, ya hab\u00eda perdido la vida, confirm\u00f3 la Coordinaci\u00f3n\nEstatal de Protecci\u00f3n Civil de Oaxaca (CEPCO).<\/p>\n\n\n\n<p>En un\ncomunicado, la dependencia del gobierno invit\u00f3 a la poblaci\u00f3n en general a\nseguir las recomendaciones que se emiten en las zonas tur\u00edsticas de la entidad\npara evitar percances que afecten su integridad.<\/p>\n\n\n\n<p>OTRO MUERTO<\/p>\n\n\n\n<p>Por otra\nparte, autoridades policiacas confirmaron una tercera persona asesinada el lunes,\nen este caso en la regi\u00f3n Sierra Sur.<\/p>\n\n\n\n<p>En el paraje\n\u201cVista Real y del Bosque\u201d, en la agencia San Marcos Malpica, de Putla Villa de\nGuerrero, fue localizado el cad\u00e1ver de un individuo, identificado como Cruz G.\nH., de 65 a\u00f1os de edad.<\/p>\n\n\n\n<p>El cuerpo presentaba\ndiversas lesiones por proyectil de arma de fuego en la cabeza; fue reconocido\npor su esposa Mercedes R. V., quien dijo desconocer qui\u00e9n o qui\u00e9nes dieron\nmuerte a su marido, por lo que pidi\u00f3 a la Fiscal\u00eda General del Estado\ninvestigar el caso y castigar a los responsables.<\/p>\n","protected":false},"excerpt":{"rendered":"<p>Redacci\u00f3n Oaxaca de Ju\u00e1rez, Oax., 9 de julio de 2019.- Un adolescente de 17 a\u00f1os&hellip;<\/p>\n","protected":false},"author":2,"featured_media":2145,"comment_status":"closed","ping_status":"open","sticky":false,"template":"","format":"standard","meta":{"_lmt_disableupdate":"","_lmt_disable":"","_jetpack_memberships_contains_paid_content":false,"footnotes":""},"categories":[109,51],"tags":[],"class_list":["post-2144","post","type-post","status-publish","format-standard","has-post-thumbnail","hentry","category-minuto-a-minuto","category-zona-roja"],"jetpack_featured_media_url":"https:\/\/zonaroja.com.mx\/wp-content\/uploads\/2019\/07\/CEPCO.jpg","jetpack_sharing_enabled":true,"_links":{"self":[{"href":"https:\/\/zonaroja.com.mx\/index.php?rest_route=\/wp\/v2\/posts\/2144","targetHints":{"allow":["GET"]}}],"collection":[{"href":"https:\/\/zonaroja.com.mx\/index.php?rest_route=\/wp\/v2\/posts"}],"about":[{"href":"https:\/\/zonaroja.com.mx\/index.php?rest_route=\/wp\/v2\/types\/post"}],"author":[{"embeddable":true,"href":"https:\/\/zonaroja.com.mx\/index.php?rest_route=\/wp\/v2\/users\/2"}],"replies":[{"embeddable":true,"href":"https:\/\/zonaroja.com.mx\/index.php?rest_route=%2Fwp%2Fv2%2Fcomments&post=2144"}],"version-history":[{"count":1,"href":"https:\/\/zonaroja.com.mx\/index.php?rest_route=\/wp\/v2\/posts\/2144\/revisions"}],"predecessor-version":[{"id":2146,"href":"https:\/\/zonaroja.com.mx\/index.php?rest_route=\/wp\/v2\/posts\/2144\/revisions\/2146"}],"wp:featuredmedia":[{"embeddable":true,"href":"https:\/\/zonaroja.com.mx\/index.php?rest_route=\/wp\/v2\/media\/2145"}],"wp:attachment":[{"href":"https:\/\/zonaroja.com.mx\/index.php?rest_route=%2Fwp%2Fv2%2Fmedia&parent=2144"}],"wp:term":[{"taxonomy":"category","embeddable":true,"href":"https:\/\/zonaroja.com.mx\/index.php?rest_route=%2Fwp%2Fv2%2Fcategories&post=2144"},{"taxonomy":"post_tag","embeddable":true,"href":"https:\/\/zonaroja.com.mx\/index.php?rest_route=%2Fwp%2Fv2%2Ftags&post=2144"}],"curies":[{"name":"wp","href":"https:\/\/api.w.org\/{rel}","templated":true}]}}