{"id":21444,"date":"2020-12-19T19:47:23","date_gmt":"2020-12-20T01:47:23","guid":{"rendered":"http:\/\/www.zonaroja.com.mx\/?p=21444"},"modified":"2020-12-19T19:47:29","modified_gmt":"2020-12-20T01:47:29","slug":"exijo-que-presenten-a-mi-hija-con-vida-suplica-madre-de-zayra-leticia","status":"publish","type":"post","link":"https:\/\/zonaroja.com.mx\/?p=21444","title":{"rendered":"\u201cExijo que presenten a mi hija con vida\u201d, s\u00faplica madre de Zayra Leticia"},"content":{"rendered":"\n<p>Yuridiana Sosa\/Zona Roja.<\/p>\n\n\n\n<p>Oaxaca de Ju\u00e1rez, Oax., 19 de diciembre de 2020.- A casi dos meses sin Zayra Leticia en casa, abrazada por la esperanza de volver a verla, la madre de la joven desaparecida en Huajuapan de Le\u00f3n exigi\u00f3 a la Fiscal\u00eda General de Oaxaca la presentaci\u00f3n con vida de su hija.<\/p>\n\n\n\n<p>Frente a un altar con im\u00e1genes religiosas, veladoras y fotos de la joven, la mujer lanz\u00f3 por medio de un video un llamado a las autoridades de Oaxaca para que se aplique justicia contra los dos hombres detenidos por su presunta participaci\u00f3n en la desaparici\u00f3n de la joven el pasado 23 de octubre.<\/p>\n\n\n\n<p>\u201cA las autoridades correspondientes, les pido que haya justicia, que no haya impunidad, que no haya protecci\u00f3n para esas personas imputadas y as\u00ed mismo, pido la pronta aparici\u00f3n con vida de mi hija, exijo que presente a mi hija convida\u201d, suplic\u00f3 la madre.<\/p>\n\n\n\n<p>El pasado 14 de diciembre, la Vicefiscal\u00eda Regional de la Mixteca, anunci\u00f3 la ejecuci\u00f3n de la orden de detenci\u00f3n de aprehensi\u00f3n 289\/2020, en la que logr\u00f3 la detenci\u00f3n de dos probables implicados en el delito de desaparici\u00f3n de personas, que son hermanos.<\/p>\n\n\n\n<figure class=\"wp-block-embed-twitter wp-block-embed is-type-rich is-provider-twitter\"><div class=\"wp-block-embed__wrapper\">\n<div class=\"twitter-tweet\"><blockquote class=\"twitter-tweet\" data-lang=\"es\"><p lang=\"es\" dir=\"ltr\"><a href=\"https:\/\/twitter.com\/hashtag\/JusticiaParaZayra?src=hash&amp;ref_src=twsrc%5Etfw\">#JusticiaParaZayra<\/a><br>\u201cA las autoridades correspondientes, les pido que haya justicia, que no haya impunidad, que no haya protecci\u00f3n \u201c, pide la madre de Zayra Leticia, joven que desapareci\u00f3 en Huajuapan y para quien pide se contin\u00fae la b\u00fasqueda. <a href=\"https:\/\/t.co\/366gsFlhYR\">pic.twitter.com\/366gsFlhYR<\/a><\/p>&mdash; Zona Roja Oaxaca (@MexRoja) <a href=\"https:\/\/twitter.com\/MexRoja\/status\/1340451586670256131?ref_src=twsrc%5Etfw\">20 de diciembre de 2020<\/a><\/blockquote><\/div>\n<\/div><\/figure>\n\n\n\n<p>La detenci\u00f3n de uno de los implicados, identificado como Emanuel \u201cN\u201d (E. S. M.), conocido como \u201cEl Gavil\u00e1n\u201d, ocurri\u00f3 en la agencia municipal de Santa Mar\u00eda Xochixtlapilco, de Huajuapan de Le\u00f3n, lugar donde se vio por \u00faltima vez a Zayra Leticia.<\/p>\n\n\n\n<p>El d\u00eda 15 aplicaron la orden de aprehensi\u00f3n a otro (J. C. S. M.), sin precisar en qu\u00e9 sitio. Este s\u00e1bado venci\u00f3 la ampliaci\u00f3n del t\u00e9rmino constitucional; no obstante, hasta el momento no se ha precisado si fueron vinculados a proceso.<\/p>\n\n\n\n<p>Seg\u00fan la Fiscal\u00eda General del Estado, de acuerdo a la carpeta de investigaci\u00f3n 32963\/FMIX\/HUAJUAPAN\/2020, el 23 de octubre de 2020, aproximadamente entre las 22:00 y 23:00 horas, la v\u00edctima fue vista por \u00faltima vez al salir de su domicilio, ubicado en la agencia de Santa Mar\u00eda Xochixtlapilco, Huajuapan de Le\u00f3n, sin que hasta la fecha se conozca su paradero.<\/p>\n\n\n\n<p>Por la localizaci\u00f3n de la joven madre, su familia comenz\u00f3 la b\u00fasqueda y la denuncia de su caso de forma inmediata; la poblaci\u00f3n tambi\u00e9n se organiz\u00f3 para encontrarla, pero hasta ahora, no hay noticias de su paradero.<\/p>\n\n\n\n<figure class=\"wp-block-image size-large\"><img decoding=\"async\" width=\"1024\" height=\"603\" src=\"http:\/\/www.zonaroja.com.mx\/wp-content\/uploads\/2020\/12\/Detenidos-caso-Zayra-Leticia-1024x603.jpg\" alt=\"\" class=\"wp-image-21368\" srcset=\"https:\/\/zonaroja.com.mx\/wp-content\/uploads\/2020\/12\/Detenidos-caso-Zayra-Leticia-1024x603.jpg 1024w, https:\/\/zonaroja.com.mx\/wp-content\/uploads\/2020\/12\/Detenidos-caso-Zayra-Leticia-300x177.jpg 300w, https:\/\/zonaroja.com.mx\/wp-content\/uploads\/2020\/12\/Detenidos-caso-Zayra-Leticia-768x452.jpg 768w, https:\/\/zonaroja.com.mx\/wp-content\/uploads\/2020\/12\/Detenidos-caso-Zayra-Leticia-1170x689.jpg 1170w, https:\/\/zonaroja.com.mx\/wp-content\/uploads\/2020\/12\/Detenidos-caso-Zayra-Leticia-585x345.jpg 585w, https:\/\/zonaroja.com.mx\/wp-content\/uploads\/2020\/12\/Detenidos-caso-Zayra-Leticia.jpg 1200w\" sizes=\"(max-width: 1024px) 100vw, 1024px\" \/><\/figure>\n","protected":false},"excerpt":{"rendered":"<p>Yuridiana Sosa\/Zona Roja. Oaxaca de Ju\u00e1rez, Oax., 19 de diciembre de 2020.- A casi dos&hellip;<\/p>\n","protected":false},"author":2,"featured_media":19599,"comment_status":"closed","ping_status":"open","sticky":false,"template":"","format":"standard","meta":{"_lmt_disableupdate":"","_lmt_disable":"","_jetpack_memberships_contains_paid_content":false,"footnotes":""},"categories":[109,47],"tags":[2146],"class_list":["post-21444","post","type-post","status-publish","format-standard","has-post-thumbnail","hentry","category-minuto-a-minuto","category-zona-gris","tag-zayra-leticia-morales-loyola"],"jetpack_featured_media_url":"https:\/\/zonaroja.com.mx\/wp-content\/uploads\/2020\/11\/Marcha-Zayra-Huajuapan.jpg","jetpack_sharing_enabled":true,"_links":{"self":[{"href":"https:\/\/zonaroja.com.mx\/index.php?rest_route=\/wp\/v2\/posts\/21444","targetHints":{"allow":["GET"]}}],"collection":[{"href":"https:\/\/zonaroja.com.mx\/index.php?rest_route=\/wp\/v2\/posts"}],"about":[{"href":"https:\/\/zonaroja.com.mx\/index.php?rest_route=\/wp\/v2\/types\/post"}],"author":[{"embeddable":true,"href":"https:\/\/zonaroja.com.mx\/index.php?rest_route=\/wp\/v2\/users\/2"}],"replies":[{"embeddable":true,"href":"https:\/\/zonaroja.com.mx\/index.php?rest_route=%2Fwp%2Fv2%2Fcomments&post=21444"}],"version-history":[{"count":1,"href":"https:\/\/zonaroja.com.mx\/index.php?rest_route=\/wp\/v2\/posts\/21444\/revisions"}],"predecessor-version":[{"id":21445,"href":"https:\/\/zonaroja.com.mx\/index.php?rest_route=\/wp\/v2\/posts\/21444\/revisions\/21445"}],"wp:featuredmedia":[{"embeddable":true,"href":"https:\/\/zonaroja.com.mx\/index.php?rest_route=\/wp\/v2\/media\/19599"}],"wp:attachment":[{"href":"https:\/\/zonaroja.com.mx\/index.php?rest_route=%2Fwp%2Fv2%2Fmedia&parent=21444"}],"wp:term":[{"taxonomy":"category","embeddable":true,"href":"https:\/\/zonaroja.com.mx\/index.php?rest_route=%2Fwp%2Fv2%2Fcategories&post=21444"},{"taxonomy":"post_tag","embeddable":true,"href":"https:\/\/zonaroja.com.mx\/index.php?rest_route=%2Fwp%2Fv2%2Ftags&post=21444"}],"curies":[{"name":"wp","href":"https:\/\/api.w.org\/{rel}","templated":true}]}}