{"id":21455,"date":"2020-12-20T08:55:33","date_gmt":"2020-12-20T14:55:33","guid":{"rendered":"http:\/\/www.zonaroja.com.mx\/?p=21455"},"modified":"2020-12-19T20:56:53","modified_gmt":"2020-12-20T02:56:53","slug":"insiste-congreso-de-oaxaca-en-contratacion-de-empresas-locales-para-reactivar-economia","status":"publish","type":"post","link":"https:\/\/zonaroja.com.mx\/?p=21455","title":{"rendered":"Insiste Congreso de Oaxaca en contrataci\u00f3n de empresas locales para reactivar econom\u00eda"},"content":{"rendered":"\n<p>Yuridiana Sosa\/Zona Roja.<\/p>\n\n\n\n<p>Oaxaca de Ju\u00e1rez, Oax., 20 de diciembre de 2020.- Con el fin de fortalecer la econom\u00eda local y la generaci\u00f3n de empleos para los oaxaque\u00f1os, la 64 Legislatura de Oaxaca aprob\u00f3 un exhorto para que el gobierno del estado y las 570 autoridades municipales prioricen la ejecuci\u00f3n de proyectos de obra p\u00fablica con empresas locales.<\/p>\n\n\n\n<p>El punto de acuerdo aprobado el pasado jueves, fue presentado por la diputada Elena Cuevas Hern\u00e1ndez, presidenta de la Comisi\u00f3n Permanente de Infraestructuras, Desarrollo Urbano y Ordenamiento Territorial del congreso del estado.<\/p>\n\n\n\n<p>&nbsp;Por medio del exhorto, los legisladores llaman a las autoridades para que en el \u00e1mbito de sus competencias implementen pol\u00edticas p\u00fablicas para dar preferencia a contratistas locales en la asignaci\u00f3n de contratos para la ejecuci\u00f3n de proyectos de obra p\u00fablica.<\/p>\n\n\n\n<p>Cuevas Hern\u00e1ndez dijo que \u201clas micro peque\u00f1as y medianas empresas en nuestro pa\u00eds sobreviven de un clima poco propicio para su desarrollo y uno de los factores que dificultan el progreso de estas peque\u00f1as empresas y que en muchos casos pone en riesgo su subsistencia es la falta de liquidez, la cual se debe en buena medida a que las obras de construcci\u00f3n fueron puestas en pausa por la pandemia\u201d.<\/p>\n\n\n\n<p>Motivo por el que es necesario que el Gobierno del Estado y los municipios ofrezcan condiciones para reactivar a las empresas en Oaxaca, lo que \u201crepresentar\u00eda un alivio para la dif\u00edcil situaci\u00f3n que hoy atraviesan estas unidades econ\u00f3micas\u201d, insisti\u00f3 la diputada.<\/p>\n\n\n\n<p>Pero adem\u00e1s, dijo que es indispensable que a trav\u00e9s de fuentes de financiamiento p\u00fablico se reactive la econom\u00eda ante la crisis derivada por la contingencia sanitaria de Covid-19.<\/p>\n\n\n\n<p>As\u00ed tambi\u00e9n, la legisladora record\u00f3 que el Estado debe \u201cser facilitador para el acceso a la contrataci\u00f3n de las peque\u00f1as y medianas empresas estatales con la finalidad de beneficiar a familias oaxaque\u00f1as\u201d.<\/p>\n\n\n\n<p>Esta no es la primera vez que el Congreso del Estado recalca la importancia de la contrataci\u00f3n de empresas locales para la ejecuci\u00f3n de proyectos de la obra p\u00fablica, as\u00ed como de prestaciones de bienes y servicios.<\/p>\n","protected":false},"excerpt":{"rendered":"<p>Yuridiana Sosa\/Zona Roja. Oaxaca de Ju\u00e1rez, Oax., 20 de diciembre de 2020.- Con el fin&hellip;<\/p>\n","protected":false},"author":2,"featured_media":21456,"comment_status":"closed","ping_status":"open","sticky":false,"template":"","format":"standard","meta":{"_lmt_disableupdate":"","_lmt_disable":"","_jetpack_memberships_contains_paid_content":false,"footnotes":""},"categories":[109,46],"tags":[213],"class_list":["post-21455","post","type-post","status-publish","format-standard","has-post-thumbnail","hentry","category-minuto-a-minuto","category-zona-blanca","tag-64-legislatura-de-oaxaca"],"jetpack_featured_media_url":"https:\/\/zonaroja.com.mx\/wp-content\/uploads\/2020\/12\/FOTO-2-64-Legislatura-del-Congreso-de-Oaxaca.jpg","jetpack_sharing_enabled":true,"_links":{"self":[{"href":"https:\/\/zonaroja.com.mx\/index.php?rest_route=\/wp\/v2\/posts\/21455","targetHints":{"allow":["GET"]}}],"collection":[{"href":"https:\/\/zonaroja.com.mx\/index.php?rest_route=\/wp\/v2\/posts"}],"about":[{"href":"https:\/\/zonaroja.com.mx\/index.php?rest_route=\/wp\/v2\/types\/post"}],"author":[{"embeddable":true,"href":"https:\/\/zonaroja.com.mx\/index.php?rest_route=\/wp\/v2\/users\/2"}],"replies":[{"embeddable":true,"href":"https:\/\/zonaroja.com.mx\/index.php?rest_route=%2Fwp%2Fv2%2Fcomments&post=21455"}],"version-history":[{"count":1,"href":"https:\/\/zonaroja.com.mx\/index.php?rest_route=\/wp\/v2\/posts\/21455\/revisions"}],"predecessor-version":[{"id":21457,"href":"https:\/\/zonaroja.com.mx\/index.php?rest_route=\/wp\/v2\/posts\/21455\/revisions\/21457"}],"wp:featuredmedia":[{"embeddable":true,"href":"https:\/\/zonaroja.com.mx\/index.php?rest_route=\/wp\/v2\/media\/21456"}],"wp:attachment":[{"href":"https:\/\/zonaroja.com.mx\/index.php?rest_route=%2Fwp%2Fv2%2Fmedia&parent=21455"}],"wp:term":[{"taxonomy":"category","embeddable":true,"href":"https:\/\/zonaroja.com.mx\/index.php?rest_route=%2Fwp%2Fv2%2Fcategories&post=21455"},{"taxonomy":"post_tag","embeddable":true,"href":"https:\/\/zonaroja.com.mx\/index.php?rest_route=%2Fwp%2Fv2%2Ftags&post=21455"}],"curies":[{"name":"wp","href":"https:\/\/api.w.org\/{rel}","templated":true}]}}