{"id":21466,"date":"2020-12-20T16:47:16","date_gmt":"2020-12-20T22:47:16","guid":{"rendered":"http:\/\/www.zonaroja.com.mx\/?p=21466"},"modified":"2020-12-20T16:47:20","modified_gmt":"2020-12-20T22:47:20","slug":"campana-que-te-caiga-el-20-suma-voces-en-redes-para-erradicar-violencia","status":"publish","type":"post","link":"https:\/\/zonaroja.com.mx\/?p=21466","title":{"rendered":"Campa\u00f1a \u201cQue te caiga el 20\u201d, suma voces en redes para erradicar violencia&nbsp;"},"content":{"rendered":"\n<p>Yuridiana Sosa\/Zona Roja.<\/p>\n\n\n\n<p>Oaxaca de Ju\u00e1rez, Oax., 20 de diciembre de 2020.- La campa\u00f1a \u201cQue te caiga el 20\u201d se acent\u00faa y crece en Oaxaca, ahora a trav\u00e9s de las redes sociales, en que ciudadanas, activistas por los derechos de las mujeres y periodistas se suman y se comprometen con este ejercicio a favor de las oaxaque\u00f1as.<\/p>\n\n\n\n<p>Por medio de un video, las participantes manifiestan su respaldo y suma a la campa\u00f1a que desarrolla la Secretar\u00eda de los Pueblos Ind\u00edgenas y Afrodescendientes (Sepia) y la Comisi\u00f3n Nacional para Prevenir y Erradicar la Violencia contra las Mujeres (Conavim), as\u00ed como invitan a m\u00e1s mujeres a unirse.<\/p>\n\n\n\n<p>Una de ellas es Shekin\u00e1h Esther, la ni\u00f1a que prest\u00f3 su voz para personificar a Ana, la protagonista de las historias de la campa\u00f1a y enviar el mensaje en castellano por medio de spots y jingles radiof\u00f3nicos.<\/p>\n\n\n\n<p>\u201cPara que las ni\u00f1as no se queden sin derecho a la educaci\u00f3n y vivamos todas seguras. Tejamos una historia sin violencia\u201d indic\u00f3 la menor, quien, adem\u00e1s, con su voz da vida al deseo de cientos de ni\u00f1as a vivir mejor.<\/p>\n\n\n\n<p>El grupo creativo de la campa\u00f1a, las periodistas Citlalli L\u00f3pez, Montserrat Antonio Ch\u00e1vez y Laura Gil, agradecieron a las nuevas aliadas, pues gracias a su colaboraci\u00f3n en una semana la campa\u00f1a ha llegado a m\u00e1s o\u00eddos.<\/p>\n\n\n\n<p>\u201cQueremos agradecer a quienes se han sumado a trav\u00e9s de sus videos, a quienes han dado like, pero sobre todo a quienes en el terreno de la vida diaria est\u00e1n tejiendo una vida libre de violencia para las ni\u00f1as, adolescentes y mujeres\u201d, expresaron las comunicadoras.<\/p>\n\n\n\n<p>Es a trav\u00e9s de las redes sociales, principalmente Facebook, en que mujeres han grabado y difundido un video corto, en que invitan a m\u00e1s ciudadanos a unirse a la causa de frenar y erradicar la violencia en contra de la femeninas en la entidad.<\/p>\n","protected":false},"excerpt":{"rendered":"<p>Yuridiana Sosa\/Zona Roja. Oaxaca de Ju\u00e1rez, Oax., 20 de diciembre de 2020.- La campa\u00f1a \u201cQue&hellip;<\/p>\n","protected":false},"author":2,"featured_media":20699,"comment_status":"closed","ping_status":"open","sticky":false,"template":"","format":"standard","meta":{"_lmt_disableupdate":"","_lmt_disable":"","_jetpack_memberships_contains_paid_content":false,"footnotes":""},"categories":[109,46],"tags":[2222],"class_list":["post-21466","post","type-post","status-publish","format-standard","has-post-thumbnail","hentry","category-minuto-a-minuto","category-zona-blanca","tag-que-te-caiga-el-20"],"jetpack_featured_media_url":"https:\/\/zonaroja.com.mx\/wp-content\/uploads\/2020\/11\/Que-te-caiga-el-20.jpeg","jetpack_sharing_enabled":true,"_links":{"self":[{"href":"https:\/\/zonaroja.com.mx\/index.php?rest_route=\/wp\/v2\/posts\/21466","targetHints":{"allow":["GET"]}}],"collection":[{"href":"https:\/\/zonaroja.com.mx\/index.php?rest_route=\/wp\/v2\/posts"}],"about":[{"href":"https:\/\/zonaroja.com.mx\/index.php?rest_route=\/wp\/v2\/types\/post"}],"author":[{"embeddable":true,"href":"https:\/\/zonaroja.com.mx\/index.php?rest_route=\/wp\/v2\/users\/2"}],"replies":[{"embeddable":true,"href":"https:\/\/zonaroja.com.mx\/index.php?rest_route=%2Fwp%2Fv2%2Fcomments&post=21466"}],"version-history":[{"count":1,"href":"https:\/\/zonaroja.com.mx\/index.php?rest_route=\/wp\/v2\/posts\/21466\/revisions"}],"predecessor-version":[{"id":21467,"href":"https:\/\/zonaroja.com.mx\/index.php?rest_route=\/wp\/v2\/posts\/21466\/revisions\/21467"}],"wp:featuredmedia":[{"embeddable":true,"href":"https:\/\/zonaroja.com.mx\/index.php?rest_route=\/wp\/v2\/media\/20699"}],"wp:attachment":[{"href":"https:\/\/zonaroja.com.mx\/index.php?rest_route=%2Fwp%2Fv2%2Fmedia&parent=21466"}],"wp:term":[{"taxonomy":"category","embeddable":true,"href":"https:\/\/zonaroja.com.mx\/index.php?rest_route=%2Fwp%2Fv2%2Fcategories&post=21466"},{"taxonomy":"post_tag","embeddable":true,"href":"https:\/\/zonaroja.com.mx\/index.php?rest_route=%2Fwp%2Fv2%2Ftags&post=21466"}],"curies":[{"name":"wp","href":"https:\/\/api.w.org\/{rel}","templated":true}]}}