{"id":21468,"date":"2020-12-20T17:35:40","date_gmt":"2020-12-20T23:35:40","guid":{"rendered":"http:\/\/www.zonaroja.com.mx\/?p=21468"},"modified":"2020-12-20T17:35:43","modified_gmt":"2020-12-20T23:35:43","slug":"denuncia-xochiltepec-incursion-armada-de-textitlan-habria-personas-muertas","status":"publish","type":"post","link":"https:\/\/zonaroja.com.mx\/?p=21468","title":{"rendered":"Denuncia Xochiltepec incursi\u00f3n armada de Textitl\u00e1n; habr\u00eda personas muertas"},"content":{"rendered":"\n<p>Ismael Garc\u00eda M.\/Zona Roja.<\/p>\n\n\n\n<p>Oaxaca de Ju\u00e1rez, Oax., 20 de diciembre de 2020.- La comunidad de Santiago Xochiltepec, en la regi\u00f3n Sierra Sur de Oaxaca, denunci\u00f3 incursi\u00f3n y ataques armados por parte del municipio de Santiago Textitl\u00e1n.<\/p>\n\n\n\n<p>A trav\u00e9s de una carta p\u00fablica, dirigida al Presidente Andr\u00e9s Manuel L\u00f3pez Obrador y al gobernador Alejandro Murat Hinojosa, expuso que grupos armados de Textitl\u00e1n \u201cportadores de armas exclusivas del Ej\u00e9rcito\u201d los agredieron la madrugada de este domingo.<\/p>\n\n\n\n<p>\u201cXochiltepec hasta el momento no hace m\u00e1s que replegarse y tratar de protegerse. Actualmente nuestra gente est\u00e1 en p\u00e1nico y pavor, y exige que los gobiernos volteen a la Sierra Sur de este estado y resuelvan los or\u00edgenes de este conflicto a\u00f1ejo\u201d, agregaron.<\/p>\n\n\n\n<p>Agregaron que parte del conflicto es la exigencia de la agencia que les ministren los recursos presupuestales e incluso la Sala Regional Xalapa del Tribunal Electoral del Poder Judicial de la Federaci\u00f3n ya hab\u00eda emitido un fallo bajo el expediente SX-JDC-857\/2017 y SX-JE-124\/2017, para que el ayuntamiento de Textitl\u00e1n deposite los recursos, lo cual no ha sucedido.<\/p>\n\n\n\n<p>Por ello, responsabilizaron a los mandatarios federal y estatal \u201cpor las consecuencias que esta problem\u00e1tica llegara a desencadenar, pues muestran incompetencia ante la ejecuci\u00f3n de una orden que y ha sido ganada y dictado a favor de la agencia municipal\u201d, detall\u00f3 Xochiltepec.<\/p>\n\n\n\n<p>De manera extraoficial se dio a conocer que ya hay personas lesionadas y fallecidas debido a la incursi\u00f3n armada, lo cual no ha sido confirmado por el Gobierno del Estado de Oaxaca.<\/p>\n","protected":false},"excerpt":{"rendered":"<p>Ismael Garc\u00eda M.\/Zona Roja. Oaxaca de Ju\u00e1rez, Oax., 20 de diciembre de 2020.- La comunidad&hellip;<\/p>\n","protected":false},"author":2,"featured_media":21469,"comment_status":"closed","ping_status":"open","sticky":false,"template":"","format":"standard","meta":{"_lmt_disableupdate":"","_lmt_disable":"","_jetpack_memberships_contains_paid_content":false,"footnotes":""},"categories":[109,47],"tags":[1980],"class_list":["post-21468","post","type-post","status-publish","format-standard","has-post-thumbnail","hentry","category-minuto-a-minuto","category-zona-gris","tag-santiago-textitlan"],"jetpack_featured_media_url":"https:\/\/zonaroja.com.mx\/wp-content\/uploads\/2020\/12\/Santiago-Xochiltepec.jpg","jetpack_sharing_enabled":true,"_links":{"self":[{"href":"https:\/\/zonaroja.com.mx\/index.php?rest_route=\/wp\/v2\/posts\/21468","targetHints":{"allow":["GET"]}}],"collection":[{"href":"https:\/\/zonaroja.com.mx\/index.php?rest_route=\/wp\/v2\/posts"}],"about":[{"href":"https:\/\/zonaroja.com.mx\/index.php?rest_route=\/wp\/v2\/types\/post"}],"author":[{"embeddable":true,"href":"https:\/\/zonaroja.com.mx\/index.php?rest_route=\/wp\/v2\/users\/2"}],"replies":[{"embeddable":true,"href":"https:\/\/zonaroja.com.mx\/index.php?rest_route=%2Fwp%2Fv2%2Fcomments&post=21468"}],"version-history":[{"count":1,"href":"https:\/\/zonaroja.com.mx\/index.php?rest_route=\/wp\/v2\/posts\/21468\/revisions"}],"predecessor-version":[{"id":21470,"href":"https:\/\/zonaroja.com.mx\/index.php?rest_route=\/wp\/v2\/posts\/21468\/revisions\/21470"}],"wp:featuredmedia":[{"embeddable":true,"href":"https:\/\/zonaroja.com.mx\/index.php?rest_route=\/wp\/v2\/media\/21469"}],"wp:attachment":[{"href":"https:\/\/zonaroja.com.mx\/index.php?rest_route=%2Fwp%2Fv2%2Fmedia&parent=21468"}],"wp:term":[{"taxonomy":"category","embeddable":true,"href":"https:\/\/zonaroja.com.mx\/index.php?rest_route=%2Fwp%2Fv2%2Fcategories&post=21468"},{"taxonomy":"post_tag","embeddable":true,"href":"https:\/\/zonaroja.com.mx\/index.php?rest_route=%2Fwp%2Fv2%2Ftags&post=21468"}],"curies":[{"name":"wp","href":"https:\/\/api.w.org\/{rel}","templated":true}]}}