{"id":21472,"date":"2020-12-20T17:50:31","date_gmt":"2020-12-20T23:50:31","guid":{"rendered":"http:\/\/www.zonaroja.com.mx\/?p=21472"},"modified":"2020-12-20T17:50:42","modified_gmt":"2020-12-20T23:50:42","slug":"autoridad-auxiliar-de-la-capital-amenaza-con-meterle-un-plomazo-a-integrantes-de-amic","status":"publish","type":"post","link":"https:\/\/zonaroja.com.mx\/?p=21472","title":{"rendered":"Autoridad auxiliar de la capital amenaza con \u201cmeterle un plomazo\u201d a integrantes de AMIC"},"content":{"rendered":"\n<p>Yuridiana Sosa\/Zona Roja.<\/p>\n\n\n\n<p>Oaxaca de Ju\u00e1rez, Oax., 20 de diciembre de 2020.- Para tratar de impedir la labor de limpieza y se\u00f1alizaci\u00f3n vial en la agencia municipal de Montoya, en la capital del estado, el agente Antonio Sa\u00fal V\u00e1zquez Arellanes, amenaz\u00f3 al dirigente de Construyamos Oaxaca con \u201cmeterle un plomazo\u201d, para que abandonara la zona.<\/p>\n\n\n\n<p>El l\u00edder de la organizaci\u00f3n y presidente de la Asociaci\u00f3n Mexicana de la Industria de la Construcci\u00f3n, delegaci\u00f3n Oaxaca, (AMIC), Javier Ch\u00e1vez, denunci\u00f3 de manera p\u00fablica la agresi\u00f3n, minutos despu\u00e9s del hecho, mismo que tambi\u00e9n denunciar\u00e1 de manera formal ante la Fiscal\u00eda General del Estado.<\/p>\n\n\n\n<p>A trav\u00e9s de su cuenta de Facebook, el empresario detall\u00f3 que la autoridad auxiliar esperaba al grupo de trabajadores en uno de los cruceros de la agencia, a donde arribaron con las herramientas para barrer y pintar los cruces peatonales y reductores, con el fin de reducir los accidentes en la zona.<\/p>\n\n\n\n<p>Al llegar a ese punto &#8211;provenientes de la agencia de San Mart\u00edn Mexic\u00e1pam- V\u00e1squez Arellanes les indic\u00f3 que no pod\u00edan continuar con su trabajo, pues \u00e9l como autoridad no daba esa autorizaci\u00f3n.<\/p>\n\n\n\n<p>Sin embargo, ante la resistencia de Javier Ch\u00e1vez, quien se justific\u00f3 en que la ciudadan\u00eda solicit\u00f3 su intervenci\u00f3n por vac\u00edo de autoridades, dijo que permanecer\u00edan en el lugar hasta terminar su trabajo. Fue entonces que el agente advirti\u00f3: \u201cte puedo meter un plomazo\u201d.<\/p>\n\n\n\n<p>El dirigente de la AMIC manifest\u00f3 que no se va a dejar intimidar de \u201cautoridades incompetentes y violentas\u201d, quienes se molestan al ser exhibido.<\/p>\n\n\n\n<p>En el mes de septiembre, este grupo de ciudadanos encabezados por Javier Ch\u00e1vez comenzaron con labores de bacheo en calles de la capital oaxaque\u00f1a ante la desatenci\u00f3n del edil Oswaldo Garc\u00eda Jarqu\u00edn a lo que ya se hab\u00eda convertido en un problema de vialidad, con registro de accidentes.<\/p>\n\n\n\n<p>Pero en aquella ocasi\u00f3n la autoridad municipal, por medio de la Polic\u00eda Municipal y Vialidad, tambi\u00e9n trat\u00f3 de impedirles su actividad, aplicando incluso sanciones administrativas al no contar con el permiso para realizar el bacheo.<\/p>\n","protected":false},"excerpt":{"rendered":"<p>Yuridiana Sosa\/Zona Roja. Oaxaca de Ju\u00e1rez, Oax., 20 de diciembre de 2020.- Para tratar de&hellip;<\/p>\n","protected":false},"author":2,"featured_media":18227,"comment_status":"closed","ping_status":"open","sticky":false,"template":"","format":"standard","meta":{"_lmt_disableupdate":"","_lmt_disable":"","_jetpack_memberships_contains_paid_content":false,"footnotes":""},"categories":[109,47],"tags":[1919],"class_list":["post-21472","post","type-post","status-publish","format-standard","has-post-thumbnail","hentry","category-minuto-a-minuto","category-zona-gris","tag-javier-chavez-rosales"],"jetpack_featured_media_url":"https:\/\/zonaroja.com.mx\/wp-content\/uploads\/2020\/09\/Bacheo-AMIC.jpg","jetpack_sharing_enabled":true,"_links":{"self":[{"href":"https:\/\/zonaroja.com.mx\/index.php?rest_route=\/wp\/v2\/posts\/21472","targetHints":{"allow":["GET"]}}],"collection":[{"href":"https:\/\/zonaroja.com.mx\/index.php?rest_route=\/wp\/v2\/posts"}],"about":[{"href":"https:\/\/zonaroja.com.mx\/index.php?rest_route=\/wp\/v2\/types\/post"}],"author":[{"embeddable":true,"href":"https:\/\/zonaroja.com.mx\/index.php?rest_route=\/wp\/v2\/users\/2"}],"replies":[{"embeddable":true,"href":"https:\/\/zonaroja.com.mx\/index.php?rest_route=%2Fwp%2Fv2%2Fcomments&post=21472"}],"version-history":[{"count":1,"href":"https:\/\/zonaroja.com.mx\/index.php?rest_route=\/wp\/v2\/posts\/21472\/revisions"}],"predecessor-version":[{"id":21473,"href":"https:\/\/zonaroja.com.mx\/index.php?rest_route=\/wp\/v2\/posts\/21472\/revisions\/21473"}],"wp:featuredmedia":[{"embeddable":true,"href":"https:\/\/zonaroja.com.mx\/index.php?rest_route=\/wp\/v2\/media\/18227"}],"wp:attachment":[{"href":"https:\/\/zonaroja.com.mx\/index.php?rest_route=%2Fwp%2Fv2%2Fmedia&parent=21472"}],"wp:term":[{"taxonomy":"category","embeddable":true,"href":"https:\/\/zonaroja.com.mx\/index.php?rest_route=%2Fwp%2Fv2%2Fcategories&post=21472"},{"taxonomy":"post_tag","embeddable":true,"href":"https:\/\/zonaroja.com.mx\/index.php?rest_route=%2Fwp%2Fv2%2Ftags&post=21472"}],"curies":[{"name":"wp","href":"https:\/\/api.w.org\/{rel}","templated":true}]}}