{"id":2148,"date":"2019-07-10T07:16:19","date_gmt":"2019-07-10T12:16:19","guid":{"rendered":"http:\/\/www.zonaroja.com.mx\/?p=2148"},"modified":"2019-07-10T07:16:21","modified_gmt":"2019-07-10T12:16:21","slug":"torturado-ejecutado-y-embolsado-en-la-region-de-la-cuenca","status":"publish","type":"post","link":"https:\/\/zonaroja.com.mx\/?p=2148","title":{"rendered":"Torturado, ejecutado y embolsado, en la regi\u00f3n de la Cuenca"},"content":{"rendered":"\n<p>Redacci\u00f3n<\/p>\n\n\n\n<p>Oaxaca de\nJu\u00e1rez, Oax., 10 de julio de 2019.- Una persona del sexo masculino fue\ntorturada, ejecutada a balazos y su cuerpo envuelto en bolsas de pl\u00e1stico, en\nla regi\u00f3n de la Cuenca del Papaloapan.<\/p>\n\n\n\n<p>El hallazgo\nocurri\u00f3 anoche a unos metros de la carretera local de San Miguel Soyaltepec a\nla comunidad de Arroyo Chical, cerca del paraje \u201cLa Chorrera\u201d.<\/p>\n\n\n\n<p>En el sitio\nfue localizada tambi\u00e9n una cartulina con mensaje presuntamente de un grupo del\ncrimen organizado.<\/p>\n\n\n\n<p>Hasta esta\nma\u00f1ana, la Vicefiscal\u00eda General de la Cuenca no ten\u00eda indicios del o los\nprobables delincuentes, as\u00ed como tampoco la identidad de la v\u00edctima.<\/p>\n\n\n\n<p>ASALTO A\nGASERO<\/p>\n\n\n\n<p>Por otra\nparte, en Juchit\u00e1n de Zaragoza fue asaltado un cami\u00f3n repartidor de tanques de\ngas dom\u00e9stico.<\/p>\n\n\n\n<p>El delito se\nperpetr\u00f3 en la calle Morelos esquina con Almendros de la colonia Santa Clara,\ndonde los sujetos armados amagaron a los ocupantes de la unidad de motor, les\nbajaron 18 cilindros de gas y la cuenta del d\u00eda, tras lo cual huyeron.<\/p>\n\n\n\n<figure class=\"wp-block-image\"><img decoding=\"async\" width=\"720\" height=\"406\" src=\"http:\/\/www.zonaroja.com.mx\/wp-content\/uploads\/2019\/07\/IMG_7768.jpg\" alt=\"\" class=\"wp-image-2149\" srcset=\"https:\/\/zonaroja.com.mx\/wp-content\/uploads\/2019\/07\/IMG_7768.jpg 720w, https:\/\/zonaroja.com.mx\/wp-content\/uploads\/2019\/07\/IMG_7768-300x169.jpg 300w, https:\/\/zonaroja.com.mx\/wp-content\/uploads\/2019\/07\/IMG_7768-585x330.jpg 585w\" sizes=\"(max-width: 720px) 100vw, 720px\" \/><\/figure>\n","protected":false},"excerpt":{"rendered":"<p>Redacci\u00f3n Oaxaca de Ju\u00e1rez, Oax., 10 de julio de 2019.- Una persona del sexo masculino&hellip;<\/p>\n","protected":false},"author":2,"featured_media":2150,"comment_status":"closed","ping_status":"open","sticky":false,"template":"","format":"standard","meta":{"_lmt_disableupdate":"","_lmt_disable":"","_jetpack_memberships_contains_paid_content":false,"footnotes":""},"categories":[1,51],"tags":[],"class_list":["post-2148","post","type-post","status-publish","format-standard","has-post-thumbnail","hentry","category-sin-categoria","category-zona-roja"],"jetpack_featured_media_url":"https:\/\/zonaroja.com.mx\/wp-content\/uploads\/2019\/07\/b9bf52c3-7ead-48b3-bd84-0d86f3b03e0d.jpg","jetpack_sharing_enabled":true,"_links":{"self":[{"href":"https:\/\/zonaroja.com.mx\/index.php?rest_route=\/wp\/v2\/posts\/2148","targetHints":{"allow":["GET"]}}],"collection":[{"href":"https:\/\/zonaroja.com.mx\/index.php?rest_route=\/wp\/v2\/posts"}],"about":[{"href":"https:\/\/zonaroja.com.mx\/index.php?rest_route=\/wp\/v2\/types\/post"}],"author":[{"embeddable":true,"href":"https:\/\/zonaroja.com.mx\/index.php?rest_route=\/wp\/v2\/users\/2"}],"replies":[{"embeddable":true,"href":"https:\/\/zonaroja.com.mx\/index.php?rest_route=%2Fwp%2Fv2%2Fcomments&post=2148"}],"version-history":[{"count":1,"href":"https:\/\/zonaroja.com.mx\/index.php?rest_route=\/wp\/v2\/posts\/2148\/revisions"}],"predecessor-version":[{"id":2151,"href":"https:\/\/zonaroja.com.mx\/index.php?rest_route=\/wp\/v2\/posts\/2148\/revisions\/2151"}],"wp:featuredmedia":[{"embeddable":true,"href":"https:\/\/zonaroja.com.mx\/index.php?rest_route=\/wp\/v2\/media\/2150"}],"wp:attachment":[{"href":"https:\/\/zonaroja.com.mx\/index.php?rest_route=%2Fwp%2Fv2%2Fmedia&parent=2148"}],"wp:term":[{"taxonomy":"category","embeddable":true,"href":"https:\/\/zonaroja.com.mx\/index.php?rest_route=%2Fwp%2Fv2%2Fcategories&post=2148"},{"taxonomy":"post_tag","embeddable":true,"href":"https:\/\/zonaroja.com.mx\/index.php?rest_route=%2Fwp%2Fv2%2Ftags&post=2148"}],"curies":[{"name":"wp","href":"https:\/\/api.w.org\/{rel}","templated":true}]}}