{"id":21482,"date":"2020-12-21T07:53:05","date_gmt":"2020-12-21T13:53:05","guid":{"rendered":"http:\/\/www.zonaroja.com.mx\/?p=21482"},"modified":"2020-12-21T07:53:10","modified_gmt":"2020-12-21T13:53:10","slug":"al-cierre-del-ano-se-duplican-contagios-y-muertes-por-covid-19","status":"publish","type":"post","link":"https:\/\/zonaroja.com.mx\/?p=21482","title":{"rendered":"Al cierre del a\u00f1o, se duplican contagios y muertes por Covid-19"},"content":{"rendered":"\n<p>Redacci\u00f3n\/Zona Roja Cdmx.<\/p>\n\n\n\n<p>Ciudad de M\u00e9xico, 21 de diciembre de 2020.- El \u201cescenario catastr\u00f3fico\u201d de muertes por Covid-19 en M\u00e9xico se duplic\u00f3 y se prev\u00e9 que la estad\u00edstica registre llegue a 120 mil defunciones en la Navidad o Noche Buena.<\/p>\n\n\n\n<p>El subsecretario de Salud federal, Hugo L\u00f3pez-Gatell indic\u00f3, el 4 de junio, que llegar a las 60 mil muertes durante la emergencia sanitaria ser\u00eda un \u201cescenario catastr\u00f3fico\u201d.<\/p>\n\n\n\n<p>Sin embargo, esa previsi\u00f3n qued\u00f3 rebasada el 22 de agosto, cuando se acumularon 60 mil 480 fallecimientos confirmados. En esa ocasi\u00f3n, el funcionario atribuy\u00f3 el hecho a la alta prevalencia de enfermedades cr\u00f3nicas, a la desigualdad y a la corrupci\u00f3n, al se\u00f1alar que los gobiernos anteriores dejaron m\u00e1s de 300 hospitales inconclusos.<\/p>\n\n\n\n<p>Hasta ayer se registraron 118 mil 202 muertes confirmadas por coronavirus SARS-CoV-2 y el pa\u00eds enfrenta un nuevo pico de contagios, que ha superado los niveles m\u00e1s cr\u00edticos de julio pasado.<\/p>\n\n\n\n<p>Si se toman como referencia las muertes confirmadas en la semana del 28 de noviembre al 5 de diciembre (tres mil 997), que es una de las estad\u00edsticas m\u00e1s recientes y con datos completos, se obtiene que se notificaron 571 defunciones diarias.<\/p>\n\n\n\n<p>Fue a ese ritmo que se alcanzaron alrededor de 120 mil muertes confirmadas, que representan el doble de aquel escenario catastr\u00f3fico que las autoridades visualizaron lejano.<\/p>\n\n\n\n<p>A pesar de las estad\u00edsticas L\u00f3pez-Gatell defendi\u00f3 que la estrategia contra el Covid-19 sigue funcionado para \u201caplanar la curva\u201d de la epidemia y as\u00ed evitar m\u00e1s contagios y decesos. A lo largo de la epidemia han surgido varias pol\u00e9micas. Uno de los principales debates surgi\u00f3 por los mensajes contradictorios del gobierno federal sobre el uso del cubrebocas para prevenir la infecci\u00f3n.<\/p>\n\n\n\n<p>En un inicio, el presidente L\u00f3pez Obrador y el subsecretario Hugo L\u00f3pez-Gatell se\u00f1alaron que no era necesario que se usara de forma masiva.<\/p>\n\n\n\n<p>Conforme pas\u00f3 el tiempo, el funcionario de la Secretar\u00eda de Salud matiz\u00f3 su postura inicial y empez\u00f3 a recomendarlo y a aparecer con barbijo, aunque ha insistido en que no hay evidencia suficiente sobre su efectividad.<\/p>\n\n\n\n<p>Mientras que el titular del Ejecutivo se ha mantenido en la idea de no usar cubrebocas la mayor\u00eda del tiempo y s\u00f3lo se le ha observado con ese equipo de protecci\u00f3n cuando aborda los aviones comerciales para viajar a otros estados.<\/p>\n\n\n\n<p>(Informaci\u00f3n de \u201cEl Heraldo de M\u00e9xico\u201d)<\/p>\n","protected":false},"excerpt":{"rendered":"<p>Redacci\u00f3n\/Zona Roja Cdmx. Ciudad de M\u00e9xico, 21 de diciembre de 2020.- El \u201cescenario catastr\u00f3fico\u201d de&hellip;<\/p>\n","protected":false},"author":2,"featured_media":13292,"comment_status":"closed","ping_status":"open","sticky":false,"template":"","format":"standard","meta":{"_lmt_disableupdate":"","_lmt_disable":"","_jetpack_memberships_contains_paid_content":false,"footnotes":""},"categories":[109,47],"tags":[1328],"class_list":["post-21482","post","type-post","status-publish","format-standard","has-post-thumbnail","hentry","category-minuto-a-minuto","category-zona-gris","tag-coronavirus-mexico"],"jetpack_featured_media_url":"https:\/\/zonaroja.com.mx\/wp-content\/uploads\/2020\/06\/Coronavirus-M\u00e9xico-2.jpg","jetpack_sharing_enabled":true,"_links":{"self":[{"href":"https:\/\/zonaroja.com.mx\/index.php?rest_route=\/wp\/v2\/posts\/21482","targetHints":{"allow":["GET"]}}],"collection":[{"href":"https:\/\/zonaroja.com.mx\/index.php?rest_route=\/wp\/v2\/posts"}],"about":[{"href":"https:\/\/zonaroja.com.mx\/index.php?rest_route=\/wp\/v2\/types\/post"}],"author":[{"embeddable":true,"href":"https:\/\/zonaroja.com.mx\/index.php?rest_route=\/wp\/v2\/users\/2"}],"replies":[{"embeddable":true,"href":"https:\/\/zonaroja.com.mx\/index.php?rest_route=%2Fwp%2Fv2%2Fcomments&post=21482"}],"version-history":[{"count":1,"href":"https:\/\/zonaroja.com.mx\/index.php?rest_route=\/wp\/v2\/posts\/21482\/revisions"}],"predecessor-version":[{"id":21483,"href":"https:\/\/zonaroja.com.mx\/index.php?rest_route=\/wp\/v2\/posts\/21482\/revisions\/21483"}],"wp:featuredmedia":[{"embeddable":true,"href":"https:\/\/zonaroja.com.mx\/index.php?rest_route=\/wp\/v2\/media\/13292"}],"wp:attachment":[{"href":"https:\/\/zonaroja.com.mx\/index.php?rest_route=%2Fwp%2Fv2%2Fmedia&parent=21482"}],"wp:term":[{"taxonomy":"category","embeddable":true,"href":"https:\/\/zonaroja.com.mx\/index.php?rest_route=%2Fwp%2Fv2%2Fcategories&post=21482"},{"taxonomy":"post_tag","embeddable":true,"href":"https:\/\/zonaroja.com.mx\/index.php?rest_route=%2Fwp%2Fv2%2Ftags&post=21482"}],"curies":[{"name":"wp","href":"https:\/\/api.w.org\/{rel}","templated":true}]}}