{"id":21492,"date":"2020-12-21T12:45:28","date_gmt":"2020-12-21T18:45:28","guid":{"rendered":"https:\/\/www.zonaroja.com.mx\/?p=21492"},"modified":"2020-12-21T15:46:58","modified_gmt":"2020-12-21T21:46:58","slug":"seis-meses-de-impunidad-en-masacre-denuncian-habitantes-de-huazantlan-nula-actuacion-de-fiscalia","status":"publish","type":"post","link":"https:\/\/zonaroja.com.mx\/?p=21492","title":{"rendered":"Seis meses de impunidad en masacre, denuncian habitantes de Huazantl\u00e1n; nula actuaci\u00f3n de Fiscal\u00eda"},"content":{"rendered":"\n<p class=\"MsoNormal\">Evlin Arag\u00f3n\/ Zona Roja. <\/p>\n\n\n\n<p class=\"MsoNormal\">Oaxaca de Ju\u00e1rez, Oax., 21 de diciembre de 2020.- A seis meses de una masacre que cobr\u00f3 la vida de 15 personas, la falta de justicia por parte de la Fiscal\u00eda General del Estado de Oaxaca oblig\u00f3 a habitantes de Huazantl\u00e1n de R\u00edo, San Mateo del Mar, a iniciar un \u201cplant\u00f3n\u201d en el z\u00f3calo de la capital a partir de <a href=\"\/\/0\">este lunes<\/a>. <\/p>\n\n\n\n<p class=\"MsoNormal\">Ni el sem\u00e1foro naranja en torno al riesgo de contagios por Covid-19 impidi\u00f3 que hombres y mujeres instalaran un m\u00f3dulo en el que, de ser necesario, pernotaran hasta que sean escuchados por el gobernador de Oaxaca, Alejandro Murat, de quien seg\u00fan la Fiscal\u00eda, dependen la detenci\u00f3n de los responsables de la violencia en la zona.  <\/p>\n\n\n\n<p class=\"MsoNormal\">\u201cEl fiscal nos dijo que est\u00e1 esperando la orden del secretario de Gobierno y del gobernador Alejandro Murat para entrar al municipio y agarrar a los asesinos. Queremos ver a los asesinos tras las rejas\u201d, dijo don Alejandrino Abasolo Mora, habitante de la localidad.&nbsp;<\/p>\n\n\n\n<p class=\"MsoNormal\">Lo anterior a pesar de la autonom\u00eda que presume en cualquier oportunidad el titular de la dependencia, Rub\u00e9n Vasconcelos M\u00e9ndez que, a conveniencia, maneja un discurso diferente antes las autoridades del gobierno de Oaxaca y las v\u00edctimas, a quienes hace creer que la procuraci\u00f3n de justicia no depende del \u00e1rea.  <\/p>\n\n\n\n<p class=\"MsoNormal\">De acuerdo con el grupo de manifestantes, se trata de 30 familias que, adem\u00e1s de ser v\u00edctimas directas de la violencia, fueron desplazadas de sus hogares desde hace seis meses, de ah\u00ed que han decidido instalar su \u201cplant\u00f3n\u201d en el z\u00f3calo de la ciudad para exigir atenci\u00f3n a la problem\u00e1tica y justicia para quienes murieron de la forma m\u00e1s violenta que se tiene registrada en la zona.   <\/p>\n\n\n\n<p class=\"MsoNormal\">\u201cNo sabemos que espera el gobierno, \u00bfqu\u00e9 nos maten? A\u00fan nos siguen amenazando y no podemos regresar a la poblaci\u00f3n, estamos desplazados. No sabemos porque el gobierno, el fiscal o el secretario de Gobierno no han agilizado la detenci\u00f3n de los responsables. Mientras ellos sigan libres nosotros no podemos regresar\u201d, dijo Mar\u00eda del Rosario Guerra Salazar, t\u00eda de una de la v\u00edctima mortales de la masacre.\u00a0<\/p>\n\n\n\n<figure class=\"wp-block-embed-twitter wp-block-embed is-type-rich is-provider-twitter\"><div class=\"wp-block-embed__wrapper\">\n<div class=\"twitter-tweet\"><blockquote class=\"twitter-tweet\" data-lang=\"es\"><p lang=\"es\" dir=\"ltr\"><a href=\"https:\/\/twitter.com\/hashtag\/ENVIVO?src=hash&amp;ref_src=twsrc%5Etfw\">#ENVIVO<\/a><br>Oaxaca de Ju\u00e1rez, Oax., 21 de diciembre de 2020.- Habitantes de Huazantl\u00e1n de R\u00edo, San Mateo del Mar, denuncian que tras masacre de 15 personas, a\u00fan no hay ninguna persona detenida y la <a href=\"https:\/\/twitter.com\/FISCALIA_GobOax?ref_src=twsrc%5Etfw\">@FISCALIA_GobOax<\/a> mantiene en impunidad el caso.<br><br>Transmisi\u00f3n:<a href=\"https:\/\/t.co\/51cxhJ65Mx\">https:\/\/t.co\/51cxhJ65Mx<\/a> <a href=\"https:\/\/t.co\/REBcCKk6ir\">pic.twitter.com\/REBcCKk6ir<\/a><\/p>&mdash; Zona Roja Oaxaca (@MexRoja) <a href=\"https:\/\/twitter.com\/MexRoja\/status\/1341050084251852800?ref_src=twsrc%5Etfw\">21 de diciembre de 2020<\/a><\/blockquote><\/div>\n<\/div><\/figure>\n\n\n\n<p class=\"MsoNormal\">Explic\u00f3 que, aunque la denuncia la hicieron llegar a o\u00eddos del Presidente de la Rep\u00fablica, Andr\u00e9s Manuel L\u00f3pez Obrador, este no atendi\u00f3 el llamado de la poblaci\u00f3n, por el contrario, se burl\u00f3 de las im\u00e1genes que le presentaron sobre los hechos violentos registrados durante este a\u00f1o en el municipio. <\/p>\n\n\n\n<p class=\"MsoNormal\">Detall\u00f3 que existen por los menos 161 ordenes de aprensi\u00f3n sin ejecutar, a la par que mencion\u00f3 a Jos\u00e9&nbsp;Luis Ch\u00e1vez Salinas, agente municipal de Huazantl\u00e1n del R\u00edo, Laura Fiallo Sandoval, Pedro y Camerino D\u00e1valos, Reyna Guti\u00e9rrez, entre otros, como los principales responsables de los hechos, a quienes denunciaron en tiempo y forma a las autoridades, sin que estas hagan algo por atender la problem\u00e1tica.&nbsp;&nbsp;<\/p>\n\n\n\n<p class=\"MsoNormal\">\u201cNo es justo que hayan matado a mi sobrina, dejo a dos ni\u00f1as hu\u00e9rfanas. Me han dicho que si no retiro mi demanda igual van a matar a mis hijas, por eso no nos vamos a mover hasta que el gobernador quiera atendernos\u201d manifest\u00f3 Guerra Salazar.&nbsp;<\/p>\n\n\n\n<p class=\"MsoNormal\">Fue&nbsp;<a href=\"\/\/1\">el 21 de junio<\/a>, hace seis meses,&nbsp;cuando pobladores que se encontraban en la explanada de la agencia de Huazantl\u00e1n&nbsp;del&nbsp;R\u00edo fueron baleados y golpeados por sujetos con armas de fuego, palos y machetes, quienes, adem\u00e1s, retuvieron a algunos individuos.&nbsp;El ataque dej\u00f3 como saldo 15 personas fallecidas y decenas de familias desplazadas.&nbsp;&nbsp;<\/p>\n\n\n\n<p class=\"MsoNormal\">La violencia ya se hab\u00eda registrado desde mayo pasado, sin que se tomara en cuenta como un poco rojo por atender por parte de las autoridades estatales.  <\/p>\n","protected":false},"excerpt":{"rendered":"<p>Evlin Arag\u00f3n\/ Zona Roja. Oaxaca de Ju\u00e1rez, Oax., 21 de diciembre de 2020.- A seis&hellip;<\/p>\n","protected":false},"author":2,"featured_media":21491,"comment_status":"closed","ping_status":"open","sticky":false,"template":"","format":"standard","meta":{"_lmt_disableupdate":"","_lmt_disable":"","_jetpack_memberships_contains_paid_content":false,"footnotes":""},"categories":[109,47],"tags":[1656,605],"class_list":["post-21492","post","type-post","status-publish","format-standard","has-post-thumbnail","hentry","category-minuto-a-minuto","category-zona-gris","tag-huazantlan-del-rio","tag-san-mateo-del-mar"],"jetpack_featured_media_url":"https:\/\/zonaroja.com.mx\/wp-content\/uploads\/2020\/12\/8fb64873-8122-4e90-82cb-035622d3cdc8.jpg","jetpack_sharing_enabled":true,"_links":{"self":[{"href":"https:\/\/zonaroja.com.mx\/index.php?rest_route=\/wp\/v2\/posts\/21492","targetHints":{"allow":["GET"]}}],"collection":[{"href":"https:\/\/zonaroja.com.mx\/index.php?rest_route=\/wp\/v2\/posts"}],"about":[{"href":"https:\/\/zonaroja.com.mx\/index.php?rest_route=\/wp\/v2\/types\/post"}],"author":[{"embeddable":true,"href":"https:\/\/zonaroja.com.mx\/index.php?rest_route=\/wp\/v2\/users\/2"}],"replies":[{"embeddable":true,"href":"https:\/\/zonaroja.com.mx\/index.php?rest_route=%2Fwp%2Fv2%2Fcomments&post=21492"}],"version-history":[{"count":2,"href":"https:\/\/zonaroja.com.mx\/index.php?rest_route=\/wp\/v2\/posts\/21492\/revisions"}],"predecessor-version":[{"id":21497,"href":"https:\/\/zonaroja.com.mx\/index.php?rest_route=\/wp\/v2\/posts\/21492\/revisions\/21497"}],"wp:featuredmedia":[{"embeddable":true,"href":"https:\/\/zonaroja.com.mx\/index.php?rest_route=\/wp\/v2\/media\/21491"}],"wp:attachment":[{"href":"https:\/\/zonaroja.com.mx\/index.php?rest_route=%2Fwp%2Fv2%2Fmedia&parent=21492"}],"wp:term":[{"taxonomy":"category","embeddable":true,"href":"https:\/\/zonaroja.com.mx\/index.php?rest_route=%2Fwp%2Fv2%2Fcategories&post=21492"},{"taxonomy":"post_tag","embeddable":true,"href":"https:\/\/zonaroja.com.mx\/index.php?rest_route=%2Fwp%2Fv2%2Ftags&post=21492"}],"curies":[{"name":"wp","href":"https:\/\/api.w.org\/{rel}","templated":true}]}}