{"id":21494,"date":"2020-12-21T15:44:51","date_gmt":"2020-12-21T21:44:51","guid":{"rendered":"http:\/\/www.zonaroja.com.mx\/?p=21494"},"modified":"2020-12-21T15:44:57","modified_gmt":"2020-12-21T21:44:57","slug":"artesanos-de-san-bartolo-coyotepec-exigen-conclusion-de-mercado","status":"publish","type":"post","link":"https:\/\/zonaroja.com.mx\/?p=21494","title":{"rendered":"Artesanos de San Bartolo Coyotepec exigen conclusi\u00f3n de mercado"},"content":{"rendered":"\n<p>Yuridiana Sosa\/Zona Roja.<\/p>\n\n\n\n<p>Oaxaca de Ju\u00e1rez, Oax., 21 de diciembre de 2020.- Artesanos del municipio de San Bartolo Coyotepec, de los Valles Centrales de Oaxaca, instalaron por la ma\u00f1ana una protesta frente a Casa Oficial en la capital, para exigir la continuidad en la construcci\u00f3n de un mercado de artesan\u00edas.<\/p>\n\n\n\n<p>Con una representaci\u00f3n de 40 de 108 talleres artesanales, los afectados arribaron desde temprana hora a la sede residencial del gobernador en la avenida Ju\u00e1rez, en el Centro Hist\u00f3rico, donde comenzaron con la elaboraci\u00f3n de sus piezas, as\u00ed como una peque\u00f1a expo-venta.<\/p>\n\n\n\n<p>Exigieron una audiencia con el gobernador Alejandro Murat, y con representantes de la Secretar\u00eda de Finanzas, para conocer los motivos de la suspensi\u00f3n de esta obra, mientras que otras construcciones del gobierno estatal contin\u00faan, a pesar de la contingencia por Covid-19.<\/p>\n\n\n\n<p>La representante de los inconformes, la artesana Teresita Andr\u00e9s Castillo, se\u00f1al\u00f3 que fueron olvidados por las autoridades estatales en medio de la pandemia, pues nadie les ha ofrecido informaci\u00f3n sobre esta situaci\u00f3n.<\/p>\n\n\n\n<p>El mercado, dijo, es una necesidad para cientos de familias que dependen de esta actividad, pues desde un espacio m\u00e1s digno para ellos como trabajadores y para recibir a los visitantes mejorar\u00edan sus ingresos.<\/p>\n\n\n\n<figure class=\"wp-block-embed-twitter wp-block-embed is-type-rich is-provider-twitter\"><div class=\"wp-block-embed__wrapper\">\n<div class=\"twitter-tweet\"><blockquote class=\"twitter-tweet\" data-lang=\"es\"><p lang=\"es\" dir=\"ltr\"><a href=\"https:\/\/twitter.com\/hashtag\/ENVIVO?src=hash&amp;ref_src=twsrc%5Etfw\">#ENVIVO<\/a><br>Oaxaca de Ju\u00e1rez, Oax., 21 de diciembre de 2020.- Artesanos de San Bartolo Coyotepec, Oaxaca, protestan en Casa Oficial de Gobierno, para exigir al conclusi\u00f3n de un Mercado. <br><br>Aqu\u00ed la transmisi\u00f3n \ud83d\udc47<a href=\"https:\/\/t.co\/SCZOzDSQIS\">https:\/\/t.co\/SCZOzDSQIS<\/a> <a href=\"https:\/\/t.co\/T17thUl4Qc\">pic.twitter.com\/T17thUl4Qc<\/a><\/p>&mdash; Zona Roja Oaxaca (@MexRoja) <a href=\"https:\/\/twitter.com\/MexRoja\/status\/1341054187585458177?ref_src=twsrc%5Etfw\">21 de diciembre de 2020<\/a><\/blockquote><\/div>\n<\/div><\/figure>\n\n\n\n<p>Pero s\u00f3lo qued\u00f3 en la primera etapa, misma que no pueden ocupar porque a\u00fan no est\u00e1 habilitada, por lo que ellos deben continuar con sus talleres de l\u00e1mina y madera que recorrieron a la parte de atr\u00e1s, para no quedarse sin trabajar.<\/p>\n\n\n\n<p>\u201cEs un compromiso que el gobernador hizo con el pueblo de San Bartolo Coyotepec, el gobernador sabe lo que le ha dado el pueblo, le ha dado mucho, es parte de un compromiso\u201d, sostuvo la artesana.<\/p>\n\n\n\n<p>El nuevo mercado de artesan\u00edas se ubica a pocos metros de la carretera principal que comunica al centro de la poblaci\u00f3n con la capital del estado.<\/p>\n\n\n\n<p>El 30 de agosto de 2019 se coloc\u00f3 la primera piedra y se anunci\u00f3 que la inversi\u00f3n total ser\u00eda de m\u00e1s de 56 millones de pesos, de los que m\u00e1s de 15.3 millones se destinar\u00e1n a la primera etapa.<\/p>\n\n\n\n<p>La obra se desarrolla en m\u00e1s de dos mil 650 metros cuadrados; se proyecta la construcci\u00f3n de 100 locales, de los cuales 38 ser\u00e1n para la venta de artesan\u00edas; 12 para comedores; una bodega y dos n\u00facleos sanitarios; un local para internet, uno m\u00e1s para cajero autom\u00e1tico, un local administrativo, \u00e1rea de jard\u00edn y juegos infantiles, inform\u00f3 la autoridad.<\/p>\n\n\n\n<p>Alrededor del mediod\u00eda retiraron su protesta, al ser atendidos mediante una mesa de trabajo en la Secretar\u00eda General de Gobierno, aunque no se ha informado cu\u00e1ndo reanudar\u00e1n los trabajos de construcci\u00f3n.<\/p>\n","protected":false},"excerpt":{"rendered":"<p>Yuridiana Sosa\/Zona Roja. Oaxaca de Ju\u00e1rez, Oax., 21 de diciembre de 2020.- Artesanos del municipio&hellip;<\/p>\n","protected":false},"author":2,"featured_media":21495,"comment_status":"closed","ping_status":"open","sticky":false,"template":"","format":"standard","meta":{"_lmt_disableupdate":"","_lmt_disable":"","_jetpack_memberships_contains_paid_content":false,"footnotes":""},"categories":[109,47],"tags":[1155],"class_list":["post-21494","post","type-post","status-publish","format-standard","has-post-thumbnail","hentry","category-minuto-a-minuto","category-zona-gris","tag-san-bartolo-coyotepec"],"jetpack_featured_media_url":"https:\/\/zonaroja.com.mx\/wp-content\/uploads\/2020\/12\/San-Bartolo-Coyotepec.jpg","jetpack_sharing_enabled":true,"_links":{"self":[{"href":"https:\/\/zonaroja.com.mx\/index.php?rest_route=\/wp\/v2\/posts\/21494","targetHints":{"allow":["GET"]}}],"collection":[{"href":"https:\/\/zonaroja.com.mx\/index.php?rest_route=\/wp\/v2\/posts"}],"about":[{"href":"https:\/\/zonaroja.com.mx\/index.php?rest_route=\/wp\/v2\/types\/post"}],"author":[{"embeddable":true,"href":"https:\/\/zonaroja.com.mx\/index.php?rest_route=\/wp\/v2\/users\/2"}],"replies":[{"embeddable":true,"href":"https:\/\/zonaroja.com.mx\/index.php?rest_route=%2Fwp%2Fv2%2Fcomments&post=21494"}],"version-history":[{"count":1,"href":"https:\/\/zonaroja.com.mx\/index.php?rest_route=\/wp\/v2\/posts\/21494\/revisions"}],"predecessor-version":[{"id":21496,"href":"https:\/\/zonaroja.com.mx\/index.php?rest_route=\/wp\/v2\/posts\/21494\/revisions\/21496"}],"wp:featuredmedia":[{"embeddable":true,"href":"https:\/\/zonaroja.com.mx\/index.php?rest_route=\/wp\/v2\/media\/21495"}],"wp:attachment":[{"href":"https:\/\/zonaroja.com.mx\/index.php?rest_route=%2Fwp%2Fv2%2Fmedia&parent=21494"}],"wp:term":[{"taxonomy":"category","embeddable":true,"href":"https:\/\/zonaroja.com.mx\/index.php?rest_route=%2Fwp%2Fv2%2Fcategories&post=21494"},{"taxonomy":"post_tag","embeddable":true,"href":"https:\/\/zonaroja.com.mx\/index.php?rest_route=%2Fwp%2Fv2%2Ftags&post=21494"}],"curies":[{"name":"wp","href":"https:\/\/api.w.org\/{rel}","templated":true}]}}