{"id":21498,"date":"2020-12-21T16:08:33","date_gmt":"2020-12-21T22:08:33","guid":{"rendered":"http:\/\/www.zonaroja.com.mx\/?p=21498"},"modified":"2020-12-21T16:08:38","modified_gmt":"2020-12-21T22:08:38","slug":"santiago-xochiltepec-clama-por-ayuda-ante-ataques-armado-de-santiago-textitlan","status":"publish","type":"post","link":"https:\/\/zonaroja.com.mx\/?p=21498","title":{"rendered":"Santiago Xochiltepec clama por ayuda ante ataques armado de Santiago Textitl\u00e1n"},"content":{"rendered":"\n<p>Yuridiana Sosa\/Zona Roja.<\/p>\n\n\n\n<p>Oaxaca de Ju\u00e1rez, Oax., 21 de diciembre de 2020.- Ante la agresi\u00f3n armada por parte de pobladores de la cabecera municipal de Santiago Textitl\u00e1n, en la Sierra Sur, habitantes de la agencia de Santiago Xochiltepec arribaron a la capital de Oaxaca para demandar al gobierno estatal protecci\u00f3n y env\u00edo de forma inmediata de elementos de seguridad para cesar la violencia.<\/p>\n\n\n\n<p>Con un saldo preliminar de tres pobladores asesinados &#8211;seg\u00fan la versi\u00f3n de los inconformes&#8211;, de quienes hasta el momento se desconoce su origen, pobladores de la agencia de Xochiltepec arribaron a las oficinas de la Defensor\u00eda de los Derechos Humanos del Pueblo de Oaxaca (DDHPO) para denunciar el hecho violento.<\/p>\n\n\n\n<p>Desde las 01:30 horas de la madrugada de ayer, habitantes de Textitl\u00e1n comenzaron a realizar disparos contra su comunidad vecina, con quien mantiene un a\u00f1ejo conflicto de tierras y pol\u00edticos, por lo que el hecho alarm\u00f3 a los habitantes de Xochiltepec, a quienes se les ha cortado el servicio de internet y la energ\u00eda el\u00e9ctrica comenz\u00f3 a fallar.<\/p>\n\n\n\n<figure class=\"wp-block-embed-twitter wp-block-embed is-type-rich is-provider-twitter\"><div class=\"wp-block-embed__wrapper\">\n<div class=\"twitter-tweet\"><blockquote class=\"twitter-tweet\" data-lang=\"es\"><p lang=\"es\" dir=\"ltr\"><a href=\"https:\/\/twitter.com\/hashtag\/ENVIVO?src=hash&amp;ref_src=twsrc%5Etfw\">#ENVIVO<\/a><br>Oaxaca de Ju\u00e1rez, Oax., 21 de diciembre de 2020.- Habitantes de Santiago Xochiltepec protestan afuera de la Defensor\u00eda de Derechos Humanos para denunciar ataques armados por parte de Santiago Textitl\u00e1n.<br><br>Aqu\u00ed la transmisi\u00f3n \ud83d\udc47<a href=\"https:\/\/t.co\/QhqlT2HBWs\">https:\/\/t.co\/QhqlT2HBWs<\/a> <a href=\"https:\/\/t.co\/4G754CBRaw\">pic.twitter.com\/4G754CBRaw<\/a><\/p>&mdash; Zona Roja Oaxaca (@MexRoja) <a href=\"https:\/\/twitter.com\/MexRoja\/status\/1341102364703469568?ref_src=twsrc%5Etfw\">21 de diciembre de 2020<\/a><\/blockquote><\/div>\n<\/div><\/figure>\n\n\n\n<p>Hasta el mediod\u00eda de este lunes los disparos continuaron y habitantes reportaron la incursi\u00f3n armada, presuntamente, de sus vecinos, lo cual provoc\u00f3 p\u00e1nico y un enfrentamiento del que se desconocen datos oficiales.<\/p>\n\n\n\n<p>Una de las afectadas detall\u00f3 que la autoridad de Textitl\u00e1n se niega otorgar los recursos del ramo 33 y 28 a Santiago Xochiltepec, quien tras un proceso legal result\u00f3 favorecido con el fallo luego de varios a\u00f1os de no contar con esas aportaciones federales.<\/p>\n\n\n\n<p>Sin embargo, la autoridad advirti\u00f3 que prefer\u00eda un enfrentamiento a entregar los recursos, manifest\u00f3 la Rosa Elba, una joven que sali\u00f3 de su comunidad con una comisi\u00f3n de habitantes en busca de ayuda del gobierno estatal.<\/p>\n\n\n\n<p>La DDHPO dio a conocer que emiti\u00f3 medidas cautelares ante el problema entre Santiago Xochiltepec y Santiago Textitl\u00e1n, del distrito de Sola de Vega.<\/p>\n\n\n\n<p>El \u00f3rgano defensor indic\u00f3 que tuvo conocimiento del hecho violento por llamadas de pobladores de las comunidades de Santiago Xochiltepec y Santiago Textitl\u00e1n, sobre un enfrentamiento con armas de fuego entre pobladores de ambas comunidades.<\/p>\n\n\n\n<figure class=\"wp-block-embed-twitter wp-block-embed is-type-rich is-provider-twitter\"><div class=\"wp-block-embed__wrapper\">\n<div class=\"twitter-tweet\"><blockquote class=\"twitter-tweet\" data-lang=\"es\"><p lang=\"es\" dir=\"ltr\"><a href=\"https:\/\/twitter.com\/hashtag\/%C3%9AltimoMinuto?src=hash&amp;ref_src=twsrc%5Etfw\">#\u00daltimoMinuto<\/a> <br>V\u00eda telef\u00f3nica, familiares de quienes protestan afuera de la <a href=\"https:\/\/twitter.com\/DDHPO?ref_src=twsrc%5Etfw\">@DDHPO<\/a> en la capital, denuncian que en este momento grupos armados de Textitl\u00e1n ingresan a Santiago Xochiltepec; urgen presencia en el pueblo de la <a href=\"https:\/\/twitter.com\/GN_MEXICO_?ref_src=twsrc%5Etfw\">@GN_MEXICO_<\/a>, <a href=\"https:\/\/twitter.com\/Policia_GobOax?ref_src=twsrc%5Etfw\">@Policia_GobOax<\/a>, <a href=\"https:\/\/twitter.com\/SEDENAmx?ref_src=twsrc%5Etfw\">@SEDENAmx<\/a>, <a href=\"https:\/\/twitter.com\/SEGEGO_GobOax?ref_src=twsrc%5Etfw\">@SEGEGO_GobOax<\/a>. <a href=\"https:\/\/t.co\/KKbptbUaQe\">pic.twitter.com\/KKbptbUaQe<\/a><\/p>&mdash; Zona Roja Oaxaca (@MexRoja) <a href=\"https:\/\/twitter.com\/MexRoja\/status\/1341109056304517120?ref_src=twsrc%5Etfw\">21 de diciembre de 2020<\/a><\/blockquote><\/div>\n<\/div><\/figure>\n","protected":false},"excerpt":{"rendered":"<p>Yuridiana Sosa\/Zona Roja. Oaxaca de Ju\u00e1rez, Oax., 21 de diciembre de 2020.- Ante la agresi\u00f3n&hellip;<\/p>\n","protected":false},"author":2,"featured_media":21499,"comment_status":"closed","ping_status":"open","sticky":false,"template":"","format":"standard","meta":{"_lmt_disableupdate":"","_lmt_disable":"","_jetpack_memberships_contains_paid_content":false,"footnotes":""},"categories":[109,47],"tags":[2307],"class_list":["post-21498","post","type-post","status-publish","format-standard","has-post-thumbnail","hentry","category-minuto-a-minuto","category-zona-gris","tag-santiago-xochiltepec"],"jetpack_featured_media_url":"https:\/\/zonaroja.com.mx\/wp-content\/uploads\/2020\/12\/Santiago-Xochiltepec-1.jpg","jetpack_sharing_enabled":true,"_links":{"self":[{"href":"https:\/\/zonaroja.com.mx\/index.php?rest_route=\/wp\/v2\/posts\/21498","targetHints":{"allow":["GET"]}}],"collection":[{"href":"https:\/\/zonaroja.com.mx\/index.php?rest_route=\/wp\/v2\/posts"}],"about":[{"href":"https:\/\/zonaroja.com.mx\/index.php?rest_route=\/wp\/v2\/types\/post"}],"author":[{"embeddable":true,"href":"https:\/\/zonaroja.com.mx\/index.php?rest_route=\/wp\/v2\/users\/2"}],"replies":[{"embeddable":true,"href":"https:\/\/zonaroja.com.mx\/index.php?rest_route=%2Fwp%2Fv2%2Fcomments&post=21498"}],"version-history":[{"count":1,"href":"https:\/\/zonaroja.com.mx\/index.php?rest_route=\/wp\/v2\/posts\/21498\/revisions"}],"predecessor-version":[{"id":21500,"href":"https:\/\/zonaroja.com.mx\/index.php?rest_route=\/wp\/v2\/posts\/21498\/revisions\/21500"}],"wp:featuredmedia":[{"embeddable":true,"href":"https:\/\/zonaroja.com.mx\/index.php?rest_route=\/wp\/v2\/media\/21499"}],"wp:attachment":[{"href":"https:\/\/zonaroja.com.mx\/index.php?rest_route=%2Fwp%2Fv2%2Fmedia&parent=21498"}],"wp:term":[{"taxonomy":"category","embeddable":true,"href":"https:\/\/zonaroja.com.mx\/index.php?rest_route=%2Fwp%2Fv2%2Fcategories&post=21498"},{"taxonomy":"post_tag","embeddable":true,"href":"https:\/\/zonaroja.com.mx\/index.php?rest_route=%2Fwp%2Fv2%2Ftags&post=21498"}],"curies":[{"name":"wp","href":"https:\/\/api.w.org\/{rel}","templated":true}]}}