{"id":21501,"date":"2020-12-21T16:17:50","date_gmt":"2020-12-21T22:17:50","guid":{"rendered":"http:\/\/www.zonaroja.com.mx\/?p=21501"},"modified":"2020-12-21T16:17:55","modified_gmt":"2020-12-21T22:17:55","slug":"resguarda-policia-estatal-a-xochiltepec-la-ddhpo-emite-medida-cautelar","status":"publish","type":"post","link":"https:\/\/zonaroja.com.mx\/?p=21501","title":{"rendered":"Resguarda Polic\u00eda Estatal a Xochiltepec; la DDHPO emite medida cautelar"},"content":{"rendered":"\n<p>Redacci\u00f3n\/Zona Roja.<\/p>\n\n\n\n<p>Oaxaca de Ju\u00e1rez, Oax., 21 de diciembre de 2020.- Tras las denuncias de agresiones armadas, elementos de la Polic\u00eda Estatal resguardan la comunidad de Santiago Xochiltepec, a fin de evitar hechos de sangre, inform\u00f3 la Secretar\u00eda de Seguridad P\u00fablica de Oaxaca (SSPO).<\/p>\n\n\n\n<p>La dependencia descart\u00f3 hasta el momento que haya v\u00edctimas a causa de los disparos de armas de fuego, presuntamente desde Santiago Textitl\u00e1n, municipio de la regi\u00f3n Sierra Sur del Estado.<\/p>\n\n\n\n<p>Indic\u00f3 que conjuntamente con la Guardia Nacional, mantienen recorridos en la zona, con la finalidad de evitar situaciones de violencia.<\/p>\n\n\n\n<p>Por su parte, la Defensor\u00eda de los Derechos Humanos del Pueblo de Oaxaca inform\u00f3 que ante los hechos violentos registrados entre pobladores de Santiago Xochiltepec y Santiago Textitl\u00e1n, Sola de Vega, debido al conflicto agrario por l\u00edmites entre ambas comunidades, emiti\u00f3 medidas cautelares a fin de evitar da\u00f1os de dif\u00edcil o imposible reparaci\u00f3n.<\/p>\n\n\n\n<p>En un comunicado, dijo que tuvo conocimiento por llamadas de pobladores de las comunidades de Santiago Xochiltepec y Santiago Textitl\u00e1n, sobre un&nbsp; enfrentamiento con armas de fuego entre pobladores de ambas comunidades, lo que provoc\u00f3, al menos el fallecimiento de una persona, y&nbsp; que pobladores de ambas comunidades se desplazaran a las cabeceras municipales para resguardarse, por ello inici\u00f3 el cuaderno de antecedentes DDHPO\/CA\/0508\/(20)\/OAX\/2020.<\/p>\n\n\n\n<p>Por ello la tarde de ayer domingo 20 de diciembre, la Defensor\u00eda emiti\u00f3\u00a0 medidas cautelares, a la Secretar\u00eda de Seguridad P\u00fablica para que elementos de la Polic\u00eda Estatal se constituyan en el lugar del conflicto y garantice la seguridad p\u00fablica, as\u00ed como la vida e integridad de las personas de las comunidades, adem\u00e1s de quienes transitan por la zona.<\/p>\n\n\n\n<figure class=\"wp-block-image size-large\"><img decoding=\"async\" width=\"1024\" height=\"768\" src=\"http:\/\/www.zonaroja.com.mx\/wp-content\/uploads\/2020\/12\/Santiago-Xochiltepec1-1024x768.jpg\" alt=\"\" class=\"wp-image-21503\" srcset=\"https:\/\/zonaroja.com.mx\/wp-content\/uploads\/2020\/12\/Santiago-Xochiltepec1-1024x768.jpg 1024w, https:\/\/zonaroja.com.mx\/wp-content\/uploads\/2020\/12\/Santiago-Xochiltepec1-300x225.jpg 300w, https:\/\/zonaroja.com.mx\/wp-content\/uploads\/2020\/12\/Santiago-Xochiltepec1-768x576.jpg 768w, https:\/\/zonaroja.com.mx\/wp-content\/uploads\/2020\/12\/Santiago-Xochiltepec1-1170x878.jpg 1170w, https:\/\/zonaroja.com.mx\/wp-content\/uploads\/2020\/12\/Santiago-Xochiltepec1-585x439.jpg 585w, https:\/\/zonaroja.com.mx\/wp-content\/uploads\/2020\/12\/Santiago-Xochiltepec1.jpg 1280w\" sizes=\"(max-width: 1024px) 100vw, 1024px\" \/><\/figure>\n\n\n\n<p>Mientras que a la Secretar\u00eda General de Gobierno le pidi\u00f3 que entable mesas de di\u00e1logo y soluci\u00f3n pac\u00edfica de conflictos entre las comunidades de Santiago Xochiltepec y Santiago Textitl\u00e1n como un mecanismo para garantizar la gobernabilidad y los derechos humanos a la vida, seguridad e integridad de las personas que habitan y transitan en la zona de conflicto.<\/p>\n\n\n\n<p>La Defensor\u00eda tambi\u00e9n solicit\u00f3&nbsp; a la Fiscal\u00eda General del Estado para que se inicie la carpeta de investigaci\u00f3n correspondiente por los delitos que pudieran estarse cometiendo y que dentro de la indagatoria establezca medidas de protecci\u00f3n para garantizar la vida, integridad y derechos humanos de las personas de ambas comunidades.<\/p>\n\n\n\n<p>Asimismo, requiri\u00f3 la colaboraci\u00f3n de la Coordinaci\u00f3n Estatal de la Guardia Nacional para que como medida de protecci\u00f3n instruya elementos de esa instituci\u00f3n para que se constituyan en la zona de conflicto y garanticen la seguridad p\u00fablica, la vida e integridad de pobladores de ambas comunidades, as\u00ed como de quienes transiten por la zona.<\/p>\n\n\n\n<p>La Defensor\u00eda insisti\u00f3 en la urgencia de emprender estrategias integrales para atender el conflicto, adem\u00e1s hizo un llamado a ambas comunidades a entablar un di\u00e1logo que permita solucionar de manera pac\u00edfica la problem\u00e1tica que enfrentan.<\/p>\n","protected":false},"excerpt":{"rendered":"<p>Redacci\u00f3n\/Zona Roja. Oaxaca de Ju\u00e1rez, Oax., 21 de diciembre de 2020.- Tras las denuncias de&hellip;<\/p>\n","protected":false},"author":2,"featured_media":21502,"comment_status":"closed","ping_status":"open","sticky":false,"template":"","format":"standard","meta":{"_lmt_disableupdate":"","_lmt_disable":"","_jetpack_memberships_contains_paid_content":false,"footnotes":""},"categories":[109,47],"tags":[1980,2307],"class_list":["post-21501","post","type-post","status-publish","format-standard","has-post-thumbnail","hentry","category-minuto-a-minuto","category-zona-gris","tag-santiago-textitlan","tag-santiago-xochiltepec"],"jetpack_featured_media_url":"https:\/\/zonaroja.com.mx\/wp-content\/uploads\/2020\/12\/Policia-Estatal-Xochiltepec.jpg","jetpack_sharing_enabled":true,"_links":{"self":[{"href":"https:\/\/zonaroja.com.mx\/index.php?rest_route=\/wp\/v2\/posts\/21501","targetHints":{"allow":["GET"]}}],"collection":[{"href":"https:\/\/zonaroja.com.mx\/index.php?rest_route=\/wp\/v2\/posts"}],"about":[{"href":"https:\/\/zonaroja.com.mx\/index.php?rest_route=\/wp\/v2\/types\/post"}],"author":[{"embeddable":true,"href":"https:\/\/zonaroja.com.mx\/index.php?rest_route=\/wp\/v2\/users\/2"}],"replies":[{"embeddable":true,"href":"https:\/\/zonaroja.com.mx\/index.php?rest_route=%2Fwp%2Fv2%2Fcomments&post=21501"}],"version-history":[{"count":1,"href":"https:\/\/zonaroja.com.mx\/index.php?rest_route=\/wp\/v2\/posts\/21501\/revisions"}],"predecessor-version":[{"id":21504,"href":"https:\/\/zonaroja.com.mx\/index.php?rest_route=\/wp\/v2\/posts\/21501\/revisions\/21504"}],"wp:featuredmedia":[{"embeddable":true,"href":"https:\/\/zonaroja.com.mx\/index.php?rest_route=\/wp\/v2\/media\/21502"}],"wp:attachment":[{"href":"https:\/\/zonaroja.com.mx\/index.php?rest_route=%2Fwp%2Fv2%2Fmedia&parent=21501"}],"wp:term":[{"taxonomy":"category","embeddable":true,"href":"https:\/\/zonaroja.com.mx\/index.php?rest_route=%2Fwp%2Fv2%2Fcategories&post=21501"},{"taxonomy":"post_tag","embeddable":true,"href":"https:\/\/zonaroja.com.mx\/index.php?rest_route=%2Fwp%2Fv2%2Ftags&post=21501"}],"curies":[{"name":"wp","href":"https:\/\/api.w.org\/{rel}","templated":true}]}}