{"id":21505,"date":"2020-12-21T19:27:29","date_gmt":"2020-12-22T01:27:29","guid":{"rendered":"http:\/\/www.zonaroja.com.mx\/?p=21505"},"modified":"2020-12-21T19:27:33","modified_gmt":"2020-12-22T01:27:33","slug":"rinde-edil-de-san-agustin-de-las-juntas-primer-informe-de-actividades","status":"publish","type":"post","link":"https:\/\/zonaroja.com.mx\/?p=21505","title":{"rendered":"Rinde edil de San Agust\u00edn de las Juntas Primer Informe de Actividades"},"content":{"rendered":"\n<p>Redacci\u00f3n\/Zona Roja.<\/p>\n\n\n\n<p>Oaxaca de Ju\u00e1rez, Oax., 21 de diciembre de 2020.- El presidente municipal de San Agust\u00edn de las Juntas, Oaxaca, Celso Ambrosio P\u00e9rez Torres, rindi\u00f3 este domingo su Primer Informe de Actividades, donde dio cuenta de los logros y avances durante el ejercicio 2020 y del estado que guarda la administraci\u00f3n municipal en temas de pol\u00edtica social, seguridad, educaci\u00f3n, salud y otros rubros importantes.<\/p>\n\n\n\n<p>Con motivo de la contingencia sanitaria, el mun\u00edcipe expuso ante concejales del Cabildo los resultados obtenidos durante su primer a\u00f1o de gesti\u00f3n, destacando que estos logros han permitido contribuir a la transformaci\u00f3n de este municipio de los Valles Centrales y sobre todo, apoyar al bienestar social de sus habitantes.<\/p>\n\n\n\n<p>\u201cPresentamos las obras realizadas durante este primer a\u00f1o de gobierno; agradeciendo la participaci\u00f3n de vecinos, comit\u00e9s municipales, padres de familia y quienes han hecho posible que estas obras se llevaran a cabo en favor del beneficio de nuestra comunidad\u201d, expuso.<\/p>\n\n\n\n<p>En su informe de actividades, destac\u00f3 la creaci\u00f3n de diversas obras sociales en materia de agua potable, drenaje, rehabilitaci\u00f3n de espacios p\u00fablicos y planteles escolares, as\u00ed como la construcci\u00f3n de la Unidad B\u00e1sica de Rehabilitaci\u00f3n (UBR).<\/p>\n\n\n\n<figure class=\"wp-block-image size-large\"><img decoding=\"async\" width=\"1024\" height=\"575\" src=\"http:\/\/www.zonaroja.com.mx\/wp-content\/uploads\/2020\/12\/San-Agustin-2-1024x575.png\" alt=\"\" class=\"wp-image-21507\" srcset=\"https:\/\/zonaroja.com.mx\/wp-content\/uploads\/2020\/12\/San-Agustin-2-1024x575.png 1024w, https:\/\/zonaroja.com.mx\/wp-content\/uploads\/2020\/12\/San-Agustin-2-300x169.png 300w, https:\/\/zonaroja.com.mx\/wp-content\/uploads\/2020\/12\/San-Agustin-2-768x431.png 768w, https:\/\/zonaroja.com.mx\/wp-content\/uploads\/2020\/12\/San-Agustin-2-1170x657.png 1170w, https:\/\/zonaroja.com.mx\/wp-content\/uploads\/2020\/12\/San-Agustin-2-585x329.png 585w, https:\/\/zonaroja.com.mx\/wp-content\/uploads\/2020\/12\/San-Agustin-2.png 1280w\" sizes=\"(max-width: 1024px) 100vw, 1024px\" \/><\/figure>\n\n\n\n<p>Asimismo, la pavimentaci\u00f3n de calles, as\u00ed como acciones de apoyo b\u00e1sico a grupos vulnerables de esta comunidad, adem\u00e1s de entrega de medicamentos y apoyos alimentarios.<\/p>\n\n\n\n<p>En materia de seguridad p\u00fablica, el edil resalt\u00f3 la instalaci\u00f3n de videoc\u00e1maras de vigilancia, mejoramiento de instalaciones de la polic\u00eda municipal, el inicio de proceso de formalizaci\u00f3n y certificaci\u00f3n de la Polic\u00eda Municipal, capacitaci\u00f3n profesional de la Polic\u00eda Municipal por la Guardia Nacional, dotaci\u00f3n de uniformes, inauguraci\u00f3n del Centro de Control y Comando C2 de la Polic\u00eda Municipal, atenci\u00f3n a emergencias y equipamiento de la Polic\u00eda Municipal, Protecci\u00f3n Civil y Polic\u00eda Vial.<\/p>\n\n\n\n<p>Resalt\u00f3 entre otros logros importantes, acciones en materia de salud, ecolog\u00eda, educaci\u00f3n, deportes, haciendo \u00e9nfasis en las realizadas durante la contingencia por Covid-19, precisando que la salud es un rubro prioritario en la administraci\u00f3n municipal.<\/p>\n\n\n\n<p>\u201cA\u00fan nos quedan dos a\u00f1os de trabajo y estoy seguro de que seguiremos haciendo el mejor de los esfuerzos para cumplir con la encomienda que el pueblo de San Agust\u00edn de las Juntas deposit\u00f3 en \u00e9sta administraci\u00f3n. Con orgullo y responsabilidad tengo la certeza, que hoy m\u00e1s que nunca, el cambio y el bienestar son posibles\u201d, manifest\u00f3.<\/p>\n","protected":false},"excerpt":{"rendered":"<p>Redacci\u00f3n\/Zona Roja. Oaxaca de Ju\u00e1rez, Oax., 21 de diciembre de 2020.- El presidente municipal de&hellip;<\/p>\n","protected":false},"author":2,"featured_media":21506,"comment_status":"closed","ping_status":"open","sticky":false,"template":"","format":"standard","meta":{"_lmt_disableupdate":"","_lmt_disable":"","_jetpack_memberships_contains_paid_content":false,"footnotes":""},"categories":[109,46],"tags":[743],"class_list":["post-21505","post","type-post","status-publish","format-standard","has-post-thumbnail","hentry","category-minuto-a-minuto","category-zona-blanca","tag-san-agustin-de-las-juntas"],"jetpack_featured_media_url":"https:\/\/zonaroja.com.mx\/wp-content\/uploads\/2020\/12\/San-Agustin-1.png","jetpack_sharing_enabled":true,"_links":{"self":[{"href":"https:\/\/zonaroja.com.mx\/index.php?rest_route=\/wp\/v2\/posts\/21505","targetHints":{"allow":["GET"]}}],"collection":[{"href":"https:\/\/zonaroja.com.mx\/index.php?rest_route=\/wp\/v2\/posts"}],"about":[{"href":"https:\/\/zonaroja.com.mx\/index.php?rest_route=\/wp\/v2\/types\/post"}],"author":[{"embeddable":true,"href":"https:\/\/zonaroja.com.mx\/index.php?rest_route=\/wp\/v2\/users\/2"}],"replies":[{"embeddable":true,"href":"https:\/\/zonaroja.com.mx\/index.php?rest_route=%2Fwp%2Fv2%2Fcomments&post=21505"}],"version-history":[{"count":1,"href":"https:\/\/zonaroja.com.mx\/index.php?rest_route=\/wp\/v2\/posts\/21505\/revisions"}],"predecessor-version":[{"id":21508,"href":"https:\/\/zonaroja.com.mx\/index.php?rest_route=\/wp\/v2\/posts\/21505\/revisions\/21508"}],"wp:featuredmedia":[{"embeddable":true,"href":"https:\/\/zonaroja.com.mx\/index.php?rest_route=\/wp\/v2\/media\/21506"}],"wp:attachment":[{"href":"https:\/\/zonaroja.com.mx\/index.php?rest_route=%2Fwp%2Fv2%2Fmedia&parent=21505"}],"wp:term":[{"taxonomy":"category","embeddable":true,"href":"https:\/\/zonaroja.com.mx\/index.php?rest_route=%2Fwp%2Fv2%2Fcategories&post=21505"},{"taxonomy":"post_tag","embeddable":true,"href":"https:\/\/zonaroja.com.mx\/index.php?rest_route=%2Fwp%2Fv2%2Ftags&post=21505"}],"curies":[{"name":"wp","href":"https:\/\/api.w.org\/{rel}","templated":true}]}}