{"id":21509,"date":"2020-12-21T20:00:51","date_gmt":"2020-12-22T02:00:51","guid":{"rendered":"http:\/\/www.zonaroja.com.mx\/?p=21509"},"modified":"2020-12-21T20:13:20","modified_gmt":"2020-12-22T02:13:20","slug":"saturado-hospital-regional-de-oaxaca-por-pacientes-covid-no-recibiran-mas","status":"publish","type":"post","link":"https:\/\/zonaroja.com.mx\/?p=21509","title":{"rendered":"Saturado Hospital Regional de Oaxaca por pacientes Covid; no recibir\u00e1n m\u00e1s"},"content":{"rendered":"\n<p>Yuridiana Sosa\/Zona Roja.<\/p>\n\n\n\n<p>Oaxaca de Ju\u00e1rez, Oax., 21 de diciembre de 2020.- Una vez m\u00e1s, el Hospital Regional de Alta Especialidad de Oaxaca (HRAEO) est\u00e1 saturado en su \u00e1rea de Covid-19, por lo que la instituci\u00f3n anunci\u00f3 que no recibir\u00e1n a m\u00e1s pacientes.<\/p>\n\n\n\n<p>A trav\u00e9s de su cuenta de Twitter, el nosocomio ubicado en el municipio de San Bartolo Coyotepec inform\u00f3 de la dif\u00edcil situaci\u00f3n que viven nuevamente los m\u00e9dicos, enfermeras y trabajadores de la salud, por lo que tambi\u00e9n llamaron a la poblaci\u00f3n a quedarse en casa.<\/p>\n\n\n\n<p>\u201cEl HRAE de Oaxaca informa a la poblaci\u00f3n que est\u00e1 al 100 por ciento de su capacidad, por lo que no recibiremos m\u00e1s pacientes. Solicitamos a la sociedad quedarse en casa, hacer uso de cubrebocas y guardar su sana distancia\u201d, fue el mensaje.<\/p>\n\n\n\n<figure class=\"wp-block-embed-twitter wp-block-embed is-type-rich is-provider-twitter\"><div class=\"wp-block-embed__wrapper\">\n<div class=\"twitter-tweet\"><blockquote class=\"twitter-tweet\" data-lang=\"es\"><p lang=\"es\" dir=\"ltr\">El <a href=\"https:\/\/twitter.com\/HRAEOAX?ref_src=twsrc%5Etfw\">@HRAEOAX<\/a>  informa a la poblaci\u00f3n en general que est\u00e1 al 100 por ciento de su capacidad, por lo que no recibiremos m\u00e1s pacientes. <br>Solicitamos a la sociedad quedarse en casa, hacer uso del cubreboca y  guardar su sana distancia. <a href=\"https:\/\/t.co\/ICOuLcMe0z\">pic.twitter.com\/ICOuLcMe0z<\/a><\/p>&mdash; HRAEOax (@HRAEOAX) <a href=\"https:\/\/twitter.com\/HRAEOAX\/status\/1341075511787843586?ref_src=twsrc%5Etfw\">21 de diciembre de 2020<\/a><\/blockquote><\/div>\n<\/div><\/figure>\n\n\n\n<p>En el mes de mayo el Hospital Regional, dependiente de la Secretar\u00eda de Salud, vivi\u00f3 por primera vez esta situaci\u00f3n, en ese entonces los m\u00e9dicos reportaron que desde que recibieron al primer paciente diagnosticado con Covid-19 el 24 de marzo 2020, cada d\u00eda trabajaron arduo para salvar a los pacientes.<\/p>\n\n\n\n<p>Tambi\u00e9n durante mayo, con una diferencia de 10 d\u00edas desde que reportaron su saturaci\u00f3n a mediados de mes, el nosocomio se declar\u00f3 en cuarentena, ante diversos casos de probables trabajadores infectados.<\/p>\n\n\n\n<p>La realidad dentro de los hospitales dista de los informes que ofrecen los Servicios de Salud de Oaxaca, quienes informan un menor n\u00famero en ocupaci\u00f3n hospitalaria, mientras que los m\u00e9dicos de los hospitales p\u00fablicos manifiestan una creciente asistencia de pacientes Covid.<\/p>\n\n\n\n<p>OTROS NOSOCOMIOS<\/p>\n\n\n\n<p>Por otra parte, tambi\u00e9n el hospital regional del Instituto Mexicano del Seguro Social en San Juan Bautista Tuxtepec report\u00f3 lleno total de camas destinadas a pacientes Covid; \u00e9ste es el \u00fanico en la regi\u00f3n que atiende a personas con este padecimiento.<\/p>\n\n\n\n<p>Similar situaci\u00f3n en el Hospital General \u00abDr. Aurelio Valdivieso\u00bb de la ciudad de Oaxaca, que cuenta con seis camas para atender a pacientes con coronavirus, mismo que ayer fueron ocupados en su totalidad; tanto que un enfermo tuvo que esperar turno en camilla y en el pasillo exterior.<\/p>\n","protected":false},"excerpt":{"rendered":"<p>Yuridiana Sosa\/Zona Roja. Oaxaca de Ju\u00e1rez, Oax., 21 de diciembre de 2020.- Una vez m\u00e1s,&hellip;<\/p>\n","protected":false},"author":2,"featured_media":21510,"comment_status":"closed","ping_status":"open","sticky":false,"template":"","format":"standard","meta":{"_lmt_disableupdate":"","_lmt_disable":"","_jetpack_memberships_contains_paid_content":false,"footnotes":""},"categories":[109,47],"tags":[1572],"class_list":["post-21509","post","type-post","status-publish","format-standard","has-post-thumbnail","hentry","category-minuto-a-minuto","category-zona-gris","tag-hospital-regional-de-alta-especialidad-oaxaca"],"jetpack_featured_media_url":"https:\/\/zonaroja.com.mx\/wp-content\/uploads\/2020\/12\/Hospital-Regional-de-Alta-Especializad.jpg","jetpack_sharing_enabled":true,"_links":{"self":[{"href":"https:\/\/zonaroja.com.mx\/index.php?rest_route=\/wp\/v2\/posts\/21509","targetHints":{"allow":["GET"]}}],"collection":[{"href":"https:\/\/zonaroja.com.mx\/index.php?rest_route=\/wp\/v2\/posts"}],"about":[{"href":"https:\/\/zonaroja.com.mx\/index.php?rest_route=\/wp\/v2\/types\/post"}],"author":[{"embeddable":true,"href":"https:\/\/zonaroja.com.mx\/index.php?rest_route=\/wp\/v2\/users\/2"}],"replies":[{"embeddable":true,"href":"https:\/\/zonaroja.com.mx\/index.php?rest_route=%2Fwp%2Fv2%2Fcomments&post=21509"}],"version-history":[{"count":2,"href":"https:\/\/zonaroja.com.mx\/index.php?rest_route=\/wp\/v2\/posts\/21509\/revisions"}],"predecessor-version":[{"id":21514,"href":"https:\/\/zonaroja.com.mx\/index.php?rest_route=\/wp\/v2\/posts\/21509\/revisions\/21514"}],"wp:featuredmedia":[{"embeddable":true,"href":"https:\/\/zonaroja.com.mx\/index.php?rest_route=\/wp\/v2\/media\/21510"}],"wp:attachment":[{"href":"https:\/\/zonaroja.com.mx\/index.php?rest_route=%2Fwp%2Fv2%2Fmedia&parent=21509"}],"wp:term":[{"taxonomy":"category","embeddable":true,"href":"https:\/\/zonaroja.com.mx\/index.php?rest_route=%2Fwp%2Fv2%2Fcategories&post=21509"},{"taxonomy":"post_tag","embeddable":true,"href":"https:\/\/zonaroja.com.mx\/index.php?rest_route=%2Fwp%2Fv2%2Ftags&post=21509"}],"curies":[{"name":"wp","href":"https:\/\/api.w.org\/{rel}","templated":true}]}}