{"id":21517,"date":"2020-12-21T21:25:15","date_gmt":"2020-12-22T03:25:15","guid":{"rendered":"http:\/\/www.zonaroja.com.mx\/?p=21517"},"modified":"2020-12-21T21:25:20","modified_gmt":"2020-12-22T03:25:20","slug":"investigan-contrataciones-fantasma-en-instituto-nacional-de-pueblos-indigenas","status":"publish","type":"post","link":"https:\/\/zonaroja.com.mx\/?p=21517","title":{"rendered":"Investigan contrataciones \u201cfantasma\u201d en Instituto Nacional de Pueblos Ind\u00edgenas"},"content":{"rendered":"\n<p>Evlin Arag\u00f3n\/Zona Roja.<\/p>\n\n\n\n<p>Oaxaca de Ju\u00e1rez, Oax., 21 de diciembre de 2020.- El \u00f3rgano interno de control del Instituto Nacional de los Pueblos Ind\u00edgenas (INPI), inici\u00f3 el expediente 34063\/2020\/PPC\/INPI\/DE48, por medio del cual se realizar\u00e1 la investigaci\u00f3n para determinar las faltas administrativas graves, contra quien resulte responsable, por la contrataci\u00f3n de una empresa con inexistencia de operaciones ante el Servicio de Administraci\u00f3n Tributaria (SAT).<\/p>\n\n\n\n<p>Lo anterior, tras las denuncias que presentara \u201cOaxaque\u00f1os contra la Corrupci\u00f3n\u201d, quien dio a conocer que se trata de Proyectos y Construcciones Roxi S.A de C.V., misma que ha sido incluida dentro del listado global de presuntos que establece el primer p\u00e1rrafo del art\u00edculo 69-B del C\u00f3digo Fiscal de la Federaci\u00f3n.<\/p>\n\n\n\n<p>\u201c\u2019Oaxaque\u00f1os Vs la Corrupci\u00f3n\u2019 siendo el denunciante de este acto de corrupci\u00f3n, le dar\u00e1 seguimiento hasta las \u00faltimas consecuencias para efecto de que no quede en la impunidad el actuar de funcionarios p\u00fablicos que amparados bajo la protecci\u00f3n del Gobierno Federal, pretenden trasgredir la legalidad en las contrataciones p\u00fablicas\u201d, dijo la asociaci\u00f3n en un comunicado de prensa.<\/p>\n\n\n\n<p>Adem\u00e1s, puntualiz\u00f3 que se preparan denuncias ante el SAT y UIF, para que se investigue un probable incremento ilegal de activos en las cuentas de servidores p\u00fablicos que intervienen en las contrataciones p\u00fablicas del INPI, a cargo del oaxaque\u00f1o Adelfo Regino Montes.<\/p>\n\n\n\n<p>De acuerdo con los datos expuestos, la obra ejecutada por la dependencia federal, es la denominada \u201cRehabilitaci\u00f3n media de la casa del Comedor de la Ni\u00f1ez Ind\u00edgena \u2018Josefa Ortiz de Dom\u00ednguez\u2019\u201d, ubicada en la localidad de Agua de Ni\u00f1o, en el municipio de San Lucas Zoqui\u00e1pam.<\/p>\n\n\n\n<p>Lo anterior, bajo el c\u00f3digo de contrato 2204731, con n\u00famero de expediente interno el denominado: INPI-OAX-INV-PAEI-005-2019 y ejecutado bajo la modalidad de Invitaci\u00f3n a Cuando Menos Tres Personas, con n\u00famero de procedimiento INPI-OAX-INV-PAEI-005-2019.<\/p>\n\n\n\n<p>La contrataci\u00f3n se realiz\u00f3 el pasado 31 de octubre de 2019 por un monto superior a los cuatro millones de pesos (4,005,405.07), sin embargo, a principios de enero de este a\u00f1o la empresa fue notificada por el SAT sobre las irregularidades.<\/p>\n\n\n\n<p>De ah\u00ed que se presentaron las denuncias correspondientes, que han derivado en investigaciones a cargo de la Secretar\u00eda de la Funci\u00f3n P\u00fablica y el \u00f3rgano interno de control del INPI, con la final de fincar responsabilidades y aplicar sanciones a actos que podr\u00edan ser considerados de corrupci\u00f3n.&nbsp;<\/p>\n","protected":false},"excerpt":{"rendered":"<p>Evlin Arag\u00f3n\/Zona Roja. Oaxaca de Ju\u00e1rez, Oax., 21 de diciembre de 2020.- El \u00f3rgano interno&hellip;<\/p>\n","protected":false},"author":2,"featured_media":21518,"comment_status":"closed","ping_status":"open","sticky":false,"template":"","format":"standard","meta":{"_lmt_disableupdate":"","_lmt_disable":"","_jetpack_memberships_contains_paid_content":false,"footnotes":""},"categories":[109,47],"tags":[557,558],"class_list":["post-21517","post","type-post","status-publish","format-standard","has-post-thumbnail","hentry","category-minuto-a-minuto","category-zona-gris","tag-adelfo-regino-montes","tag-instituto-nacional-de-pueblos-indigenas"],"jetpack_featured_media_url":"https:\/\/zonaroja.com.mx\/wp-content\/uploads\/2020\/12\/INPI.jpg","jetpack_sharing_enabled":true,"_links":{"self":[{"href":"https:\/\/zonaroja.com.mx\/index.php?rest_route=\/wp\/v2\/posts\/21517","targetHints":{"allow":["GET"]}}],"collection":[{"href":"https:\/\/zonaroja.com.mx\/index.php?rest_route=\/wp\/v2\/posts"}],"about":[{"href":"https:\/\/zonaroja.com.mx\/index.php?rest_route=\/wp\/v2\/types\/post"}],"author":[{"embeddable":true,"href":"https:\/\/zonaroja.com.mx\/index.php?rest_route=\/wp\/v2\/users\/2"}],"replies":[{"embeddable":true,"href":"https:\/\/zonaroja.com.mx\/index.php?rest_route=%2Fwp%2Fv2%2Fcomments&post=21517"}],"version-history":[{"count":1,"href":"https:\/\/zonaroja.com.mx\/index.php?rest_route=\/wp\/v2\/posts\/21517\/revisions"}],"predecessor-version":[{"id":21519,"href":"https:\/\/zonaroja.com.mx\/index.php?rest_route=\/wp\/v2\/posts\/21517\/revisions\/21519"}],"wp:featuredmedia":[{"embeddable":true,"href":"https:\/\/zonaroja.com.mx\/index.php?rest_route=\/wp\/v2\/media\/21518"}],"wp:attachment":[{"href":"https:\/\/zonaroja.com.mx\/index.php?rest_route=%2Fwp%2Fv2%2Fmedia&parent=21517"}],"wp:term":[{"taxonomy":"category","embeddable":true,"href":"https:\/\/zonaroja.com.mx\/index.php?rest_route=%2Fwp%2Fv2%2Fcategories&post=21517"},{"taxonomy":"post_tag","embeddable":true,"href":"https:\/\/zonaroja.com.mx\/index.php?rest_route=%2Fwp%2Fv2%2Ftags&post=21517"}],"curies":[{"name":"wp","href":"https:\/\/api.w.org\/{rel}","templated":true}]}}