{"id":21520,"date":"2020-12-21T22:00:17","date_gmt":"2020-12-22T04:00:17","guid":{"rendered":"http:\/\/www.zonaroja.com.mx\/?p=21520"},"modified":"2020-12-21T22:00:21","modified_gmt":"2020-12-22T04:00:21","slug":"supera-oaxaca-los-27-mil-contagios-de-covid-19","status":"publish","type":"post","link":"https:\/\/zonaroja.com.mx\/?p=21520","title":{"rendered":"Supera Oaxaca los 27 mil contagios de Covid-19"},"content":{"rendered":"\n<p>Redacci\u00f3n\/Zona Roja.<\/p>\n\n\n\n<p>Oaxaca de Ju\u00e1rez, Oax. 21 de diciembre de 2020.- Los Servicios de Salud de Oaxaca (SSO) reiteraron el llamado a permanecer en casa, evitar asistir a eventos o salir de viaje, durante las fiestas navide\u00f1as, con el fin de reducir la incidencia de contagios de Covid-19.<\/p>\n\n\n\n<p>La instituci\u00f3n inform\u00f3 que en el \u00faltimo corte epidemiol\u00f3gico de la pandemia, fueron detectados 40 casos nuevos, por lo que hasta este 21 de diciembre, suman 27 mil 035 contagios acumulados del nuevo coronavirus.<\/p>\n\n\n\n<p>Indic\u00f3 que los casos m\u00e1s recientes corresponden a 25 municipios, en primer lugar, se ubica Oaxaca de Ju\u00e1rez con 12, seguido de Santa Luc\u00eda del Camino con cuatro, y Ocotl\u00e1n de Morelos con dos, el resto un caso.<\/p>\n\n\n\n<figure class=\"wp-block-embed-twitter wp-block-embed is-type-rich is-provider-twitter\"><div class=\"wp-block-embed__wrapper\">\n<div class=\"twitter-tweet\"><blockquote class=\"twitter-tweet\" data-lang=\"es\"><p lang=\"es\" dir=\"ltr\"><a href=\"https:\/\/twitter.com\/hashtag\/%C3%9AltimoMinuto?src=hash&amp;ref_src=twsrc%5Etfw\">#\u00daltimoMinuto<\/a><br>Los Servicios de Salud de <a href=\"https:\/\/twitter.com\/hashtag\/Oaxaca?src=hash&amp;ref_src=twsrc%5Etfw\">#Oaxaca<\/a> reportaron este lunes, primer d\u00eda en sem\u00e1foro naranja, un fallecimiento por Covid-19, con lo que se acumulan dos mil 44 decesos; adem\u00e1s, 40 casos positivos, para un total de 27 mil 35 contagiados.<a href=\"https:\/\/twitter.com\/hashtag\/Qu%C3%A9dateEnCasa?src=hash&amp;ref_src=twsrc%5Etfw\">#Qu\u00e9dateEnCasa<\/a> <a href=\"https:\/\/t.co\/UWwusX1uYU\">pic.twitter.com\/UWwusX1uYU<\/a><\/p>&mdash; Zona Roja Oaxaca (@MexRoja) <a href=\"https:\/\/twitter.com\/MexRoja\/status\/1341208787353518081?ref_src=twsrc%5Etfw\">22 de diciembre de 2020<\/a><\/blockquote><\/div>\n<\/div><\/figure>\n\n\n\n<p>Hasta la fecha, se\u00f1al\u00f3 que lamentablemente dos mil 44 personas han muerto como consecuencia de dicha enfermedad en la entidad, luego de que a lo largo de la \u00faltima jornada se registrar\u00e1 un fallecimiento m\u00e1s. De la cifra total 702 eran mujeres y mil 342 hombres.<\/p>\n\n\n\n<p>Refiri\u00f3 que la Jurisdicci\u00f3n Sanitaria de Valles Centrales contabiliz\u00f3 18 mil 472 casos confirmados y mil 048 defunciones, Istmo dos mil 401 y 324 muertes, Tuxtepec mil 932 y 281 fallecimientos, Mixteca mil 999 y 181 defunciones, Costa mil 378 y 134 fallecimientos, en la Sierra 853 y 76 muertes. Para un global de 749 activos en todo el estado.<\/p>\n\n\n\n<p>Sostuvo que la ocupaci\u00f3n hospitalaria global para la atenci\u00f3n de pacientes Covid-19 es del 38.1%, del cual, el 43.9% es sin ventilador, y el 27.9% es de terapia intensiva.<\/p>\n","protected":false},"excerpt":{"rendered":"<p>Redacci\u00f3n\/Zona Roja. Oaxaca de Ju\u00e1rez, Oax. 21 de diciembre de 2020.- Los Servicios de Salud&hellip;<\/p>\n","protected":false},"author":2,"featured_media":21521,"comment_status":"closed","ping_status":"open","sticky":false,"template":"","format":"standard","meta":{"_lmt_disableupdate":"","_lmt_disable":"","_jetpack_memberships_contains_paid_content":false,"footnotes":""},"categories":[109,47],"tags":[1512],"class_list":["post-21520","post","type-post","status-publish","format-standard","has-post-thumbnail","hentry","category-minuto-a-minuto","category-zona-gris","tag-coronavirus-oaxaca"],"jetpack_featured_media_url":"https:\/\/zonaroja.com.mx\/wp-content\/uploads\/2020\/12\/GRAFICA-SSO-01-2-1.jpeg","jetpack_sharing_enabled":true,"_links":{"self":[{"href":"https:\/\/zonaroja.com.mx\/index.php?rest_route=\/wp\/v2\/posts\/21520","targetHints":{"allow":["GET"]}}],"collection":[{"href":"https:\/\/zonaroja.com.mx\/index.php?rest_route=\/wp\/v2\/posts"}],"about":[{"href":"https:\/\/zonaroja.com.mx\/index.php?rest_route=\/wp\/v2\/types\/post"}],"author":[{"embeddable":true,"href":"https:\/\/zonaroja.com.mx\/index.php?rest_route=\/wp\/v2\/users\/2"}],"replies":[{"embeddable":true,"href":"https:\/\/zonaroja.com.mx\/index.php?rest_route=%2Fwp%2Fv2%2Fcomments&post=21520"}],"version-history":[{"count":1,"href":"https:\/\/zonaroja.com.mx\/index.php?rest_route=\/wp\/v2\/posts\/21520\/revisions"}],"predecessor-version":[{"id":21522,"href":"https:\/\/zonaroja.com.mx\/index.php?rest_route=\/wp\/v2\/posts\/21520\/revisions\/21522"}],"wp:featuredmedia":[{"embeddable":true,"href":"https:\/\/zonaroja.com.mx\/index.php?rest_route=\/wp\/v2\/media\/21521"}],"wp:attachment":[{"href":"https:\/\/zonaroja.com.mx\/index.php?rest_route=%2Fwp%2Fv2%2Fmedia&parent=21520"}],"wp:term":[{"taxonomy":"category","embeddable":true,"href":"https:\/\/zonaroja.com.mx\/index.php?rest_route=%2Fwp%2Fv2%2Fcategories&post=21520"},{"taxonomy":"post_tag","embeddable":true,"href":"https:\/\/zonaroja.com.mx\/index.php?rest_route=%2Fwp%2Fv2%2Ftags&post=21520"}],"curies":[{"name":"wp","href":"https:\/\/api.w.org\/{rel}","templated":true}]}}