{"id":21523,"date":"2020-12-21T22:25:43","date_gmt":"2020-12-22T04:25:43","guid":{"rendered":"http:\/\/www.zonaroja.com.mx\/?p=21523"},"modified":"2020-12-21T22:25:47","modified_gmt":"2020-12-22T04:25:47","slug":"emboscada-deja-dos-muertos-en-amoltepec-otros-dos-asesinados-en-istmo","status":"publish","type":"post","link":"https:\/\/zonaroja.com.mx\/?p=21523","title":{"rendered":"Emboscada deja dos muertos en Amoltepec; otros dos asesinados en Istmo"},"content":{"rendered":"\n<p>Ismael Garc\u00eda M.\/Zona Roja.<\/p>\n\n\n\n<p>Oaxaca de Ju\u00e1rez, Oax., 21 de diciembre de 2020.- Al menos cinco personas perdieron la vida este lunes en Oaxaca, cuatro de ellas de forma violenta, por disparos de armas de fuego.<\/p>\n\n\n\n<p>En inmediaciones del paraje \u201cEl Coquito\u201d, en el l\u00edmite de las comunidades Barranca Honda y R\u00edo Ciruelo, de Santiago Amoltepec, se registr\u00f3 una emboscada que dej\u00f3 como saldo dos personas fallecidas y dos lesionadas por disparos de arma de fuego.<\/p>\n\n\n\n<p>Las v\u00edctimas viajaban en una camioneta marca Ford color verde, cuando fueron emboscados y agredidos; hasta el momento no han sido identificados.<\/p>\n\n\n\n<figure class=\"wp-block-image size-large\"><img decoding=\"async\" width=\"606\" height=\"635\" src=\"http:\/\/www.zonaroja.com.mx\/wp-content\/uploads\/2020\/12\/Amoltepec-1.jpg\" alt=\"\" class=\"wp-image-21525\" srcset=\"https:\/\/zonaroja.com.mx\/wp-content\/uploads\/2020\/12\/Amoltepec-1.jpg 606w, https:\/\/zonaroja.com.mx\/wp-content\/uploads\/2020\/12\/Amoltepec-1-286x300.jpg 286w, https:\/\/zonaroja.com.mx\/wp-content\/uploads\/2020\/12\/Amoltepec-1-585x613.jpg 585w\" sizes=\"(max-width: 606px) 100vw, 606px\" \/><\/figure>\n\n\n\n<p>DOS EJECUTADOS<\/p>\n\n\n\n<p>Por otra parte, tambi\u00e9n este lunes dos personas fueron asesinadas a balazos en inmediaciones de la localidad de Tierra Negra, en jurisdicci\u00f3n de\u00a0 Santo Domingo Tehantepec.<\/p>\n\n\n\n<p>Las v\u00edctimas fueron ultimadas en el interior de una camioneta marca Toyota color gris, sobre la supercarretera Salina Cruz-La Ventosa; fueron identificadas como Marcos P. G. y Fernando R. S., originarios de Mat\u00ecas Romero. Hasta el momento se desconocen las causas que originaron el doble asesinato.<\/p>\n\n\n\n<p>AHOGADO EN EL ISTMO<\/p>\n\n\n\n<p>En tanto, autoridades ministeriales informaron que este lunes fue hallado el cuerpo sin vida de Lorenzo L., de 18 a\u00f1os de edad, quien ayer se meti\u00f3 a nadar a un canal de aguas para riego, en el municipio istme\u00f1o de Santa Mar\u00eda Mixtequilla.<\/p>\n\n\n\n<p>Ayer domingo mismo inici\u00f3 la b\u00fasqueda pero no fue localizado; este d\u00eda corporaciones de rescate concluyeron el rescate con la localizaci\u00f3n del hombre que era originario del estado de Chiapas y laboraba en la reconstrucci\u00f3n de viviendas.<\/p>\n","protected":false},"excerpt":{"rendered":"<p>Ismael Garc\u00eda M.\/Zona Roja. Oaxaca de Ju\u00e1rez, Oax., 21 de diciembre de 2020.- Al menos&hellip;<\/p>\n","protected":false},"author":2,"featured_media":21524,"comment_status":"closed","ping_status":"open","sticky":false,"template":"","format":"standard","meta":{"_lmt_disableupdate":"","_lmt_disable":"","_jetpack_memberships_contains_paid_content":false,"footnotes":""},"categories":[109,51],"tags":[860,125],"class_list":["post-21523","post","type-post","status-publish","format-standard","has-post-thumbnail","hentry","category-minuto-a-minuto","category-zona-roja","tag-santiago-amoltepec","tag-santo-domingo-tehuantepec"],"jetpack_featured_media_url":"https:\/\/zonaroja.com.mx\/wp-content\/uploads\/2020\/12\/Amoltepec-2.jpg","jetpack_sharing_enabled":true,"_links":{"self":[{"href":"https:\/\/zonaroja.com.mx\/index.php?rest_route=\/wp\/v2\/posts\/21523","targetHints":{"allow":["GET"]}}],"collection":[{"href":"https:\/\/zonaroja.com.mx\/index.php?rest_route=\/wp\/v2\/posts"}],"about":[{"href":"https:\/\/zonaroja.com.mx\/index.php?rest_route=\/wp\/v2\/types\/post"}],"author":[{"embeddable":true,"href":"https:\/\/zonaroja.com.mx\/index.php?rest_route=\/wp\/v2\/users\/2"}],"replies":[{"embeddable":true,"href":"https:\/\/zonaroja.com.mx\/index.php?rest_route=%2Fwp%2Fv2%2Fcomments&post=21523"}],"version-history":[{"count":1,"href":"https:\/\/zonaroja.com.mx\/index.php?rest_route=\/wp\/v2\/posts\/21523\/revisions"}],"predecessor-version":[{"id":21526,"href":"https:\/\/zonaroja.com.mx\/index.php?rest_route=\/wp\/v2\/posts\/21523\/revisions\/21526"}],"wp:featuredmedia":[{"embeddable":true,"href":"https:\/\/zonaroja.com.mx\/index.php?rest_route=\/wp\/v2\/media\/21524"}],"wp:attachment":[{"href":"https:\/\/zonaroja.com.mx\/index.php?rest_route=%2Fwp%2Fv2%2Fmedia&parent=21523"}],"wp:term":[{"taxonomy":"category","embeddable":true,"href":"https:\/\/zonaroja.com.mx\/index.php?rest_route=%2Fwp%2Fv2%2Fcategories&post=21523"},{"taxonomy":"post_tag","embeddable":true,"href":"https:\/\/zonaroja.com.mx\/index.php?rest_route=%2Fwp%2Fv2%2Ftags&post=21523"}],"curies":[{"name":"wp","href":"https:\/\/api.w.org\/{rel}","templated":true}]}}