{"id":21533,"date":"2020-12-22T07:56:58","date_gmt":"2020-12-22T13:56:58","guid":{"rendered":"http:\/\/www.zonaroja.com.mx\/?p=21533"},"modified":"2020-12-22T07:57:04","modified_gmt":"2020-12-22T13:57:04","slug":"inauguran-mural-alusivo-a-la-ley-antichatarra-aprobada-en-oaxaca","status":"publish","type":"post","link":"https:\/\/zonaroja.com.mx\/?p=21533","title":{"rendered":"Inauguran mural alusivo a la \u201cLey antichatarra\u201d aprobada en Oaxaca"},"content":{"rendered":"\n<p>Redacci\u00f3n\/Zona Roja.<\/p>\n\n\n\n<p>Oaxaca de Ju\u00e1rez, Oax., 22 de diciembre del 2020.- Integrantes del Centro&nbsp; Calpulli A.C de Oaxaca, elaboraron un mural inspirado en la reciente \u201cLey antichatarra\u201d propuesta e impulsada por la diputada del Partido Morena, Magaly L\u00f3pez Dom\u00ednguez, en el Congreso del estado.<\/p>\n\n\n\n<p>El mural&nbsp; se encuentra expuesto&nbsp; en las instalaciones de Calpulli y fue elaborado por la ni\u00f1a Belem Estefany.<\/p>\n\n\n\n<p>Con la obra pict\u00f3rica se busca sensibilizar a la sociedad sobre el rescate y la conservaci\u00f3n de los alimentos naturales nativos de las ocho regiones de Oaxaca y respaldar el trabajo legislativo que fue aprobado en nuestro estado el pasado 5 de agosto de este a\u00f1o.<\/p>\n\n\n\n<p>Durante la inauguraci\u00f3n, la diputada Magaly L\u00f3pez reconoci\u00f3 el esfuerzo que desde la sociedad civil se realiza para hacer frente a la industria de la chatarra: \u201ctodos los esfuerzos encaminados a la protecci\u00f3n de los derechos de las ni\u00f1as, ni\u00f1os y adolescentes tienen a una alimentaci\u00f3n sana, suman a la defensa de la salud\u201d, se\u00f1al\u00f3.<\/p>\n\n\n\n<p>Cabe mencionar que la \u201cLey antichatarra\u201d contempla reforma al art\u00edculo 20 BIS de los derechos de las ni\u00f1as, ni\u00f1os y adolescentes para prohibir la distribuci\u00f3n, venta, regalo o suministro de bebidas azucaradas y alimentos de alto contenido cal\u00f3rico a menores de edad en Oaxaca.<\/p>\n\n\n\n<p>Al acto tambi\u00e9n acudi\u00f3&nbsp; la activista oaxaque\u00f1a e integrante de la organizaci\u00f3n Consorcio Oaxaca, Y\u00e9sica S\u00e1nchez Maya, quien detall\u00f3 que la aprobaci\u00f3n de esta ley fue \u201cuna gran provocaci\u00f3n que permiti\u00f3 visibilizar una agenda pendiente que en el pa\u00eds existe\u201d .<\/p>\n","protected":false},"excerpt":{"rendered":"<p>Redacci\u00f3n\/Zona Roja. Oaxaca de Ju\u00e1rez, Oax., 22 de diciembre del 2020.- Integrantes del Centro&nbsp; Calpulli&hellip;<\/p>\n","protected":false},"author":2,"featured_media":21534,"comment_status":"closed","ping_status":"open","sticky":false,"template":"","format":"standard","meta":{"_lmt_disableupdate":"","_lmt_disable":"","_jetpack_memberships_contains_paid_content":false,"footnotes":""},"categories":[109,46],"tags":[192],"class_list":["post-21533","post","type-post","status-publish","format-standard","has-post-thumbnail","hentry","category-minuto-a-minuto","category-zona-blanca","tag-diputada-magaly-lopez-dominguez"],"jetpack_featured_media_url":"https:\/\/zonaroja.com.mx\/wp-content\/uploads\/2020\/12\/Mural.jpeg","jetpack_sharing_enabled":true,"_links":{"self":[{"href":"https:\/\/zonaroja.com.mx\/index.php?rest_route=\/wp\/v2\/posts\/21533","targetHints":{"allow":["GET"]}}],"collection":[{"href":"https:\/\/zonaroja.com.mx\/index.php?rest_route=\/wp\/v2\/posts"}],"about":[{"href":"https:\/\/zonaroja.com.mx\/index.php?rest_route=\/wp\/v2\/types\/post"}],"author":[{"embeddable":true,"href":"https:\/\/zonaroja.com.mx\/index.php?rest_route=\/wp\/v2\/users\/2"}],"replies":[{"embeddable":true,"href":"https:\/\/zonaroja.com.mx\/index.php?rest_route=%2Fwp%2Fv2%2Fcomments&post=21533"}],"version-history":[{"count":1,"href":"https:\/\/zonaroja.com.mx\/index.php?rest_route=\/wp\/v2\/posts\/21533\/revisions"}],"predecessor-version":[{"id":21535,"href":"https:\/\/zonaroja.com.mx\/index.php?rest_route=\/wp\/v2\/posts\/21533\/revisions\/21535"}],"wp:featuredmedia":[{"embeddable":true,"href":"https:\/\/zonaroja.com.mx\/index.php?rest_route=\/wp\/v2\/media\/21534"}],"wp:attachment":[{"href":"https:\/\/zonaroja.com.mx\/index.php?rest_route=%2Fwp%2Fv2%2Fmedia&parent=21533"}],"wp:term":[{"taxonomy":"category","embeddable":true,"href":"https:\/\/zonaroja.com.mx\/index.php?rest_route=%2Fwp%2Fv2%2Fcategories&post=21533"},{"taxonomy":"post_tag","embeddable":true,"href":"https:\/\/zonaroja.com.mx\/index.php?rest_route=%2Fwp%2Fv2%2Ftags&post=21533"}],"curies":[{"name":"wp","href":"https:\/\/api.w.org\/{rel}","templated":true}]}}