{"id":21536,"date":"2020-12-22T08:01:07","date_gmt":"2020-12-22T14:01:07","guid":{"rendered":"http:\/\/www.zonaroja.com.mx\/?p=21536"},"modified":"2022-05-21T08:09:34","modified_gmt":"2022-05-21T13:09:34","slug":"prioridad-en-el-poder-judicial-proteger-derechos-de-personas-con-discapacidad","status":"publish","type":"post","link":"https:\/\/zonaroja.com.mx\/?p=21536","title":{"rendered":"Prioridad en el Poder Judicial: proteger derechos de personas con discapacidad"},"content":{"rendered":"\n<p>Redacci\u00f3n\/Zona Roja.<\/p>\n\n\n\n<p>Oaxaca de Ju\u00e1rez, Oax., 22 de diciembre de 2020.- El visitador adjunto adscrito a la Primera Visitadur\u00eda General de la Comisi\u00f3n Nacional de los Derechos Humanos (CNDH), Germ\u00e1n Emmanuel Bautista Hern\u00e1ndez, afirm\u00f3 que si bien se ha logrado una evoluci\u00f3n sobre el trato hacia las personas con discapacidad, se necesita de facilitarles herramientas de acceso, de infraestructura en el entorno, motivando su desarrollo en conocimientos y capacidades que les permitan integrarse a la sociedad y ser productivos.<\/p>\n\n\n\n<p>A invitaci\u00f3n del Poder Judicial del Estado de Oaxaca, el licenciado en Derecho por la Universidad Aut\u00f3noma de San Luis Potos\u00ed, con discapacidad visual e integrante de la Uni\u00f3n Latinoam\u00e9rica de Ciegos, capacitador y destacado investigador, imparti\u00f3, en la modalidad virtual, la conferencia magistral \u201cDerechos humanos de las personas con discapacidad\u201d.<\/p>\n\n\n\n<p>Luego de resaltar la importancia de fortalecer una sociedad incluyente y respetuosa de los derechos de este sector de la poblaci\u00f3n, puntualiz\u00f3 que la discapacidad no debe verse como un problema de la persona, sino como un problema de la sociedad y del entorno, por lo que se requiere fortalecer la inclusi\u00f3n y el respeto a los derechos de este sector de la poblaci\u00f3n.<\/p>\n\n\n\n<p>\u201cNo debemos ver con inferioridad a las personas con discapacidad, hay que hacerlos visibles, hay ordenamientos a nivel internacional que establecen sus derechos y estos deben permear en las leyes nacionales. El Estado tiene la obligaci\u00f3n no de otorgarnos derechos, tiene que reconocerlos a trav\u00e9s de las leyes y respetarlos\u201d, apunt\u00f3.<\/p>\n\n\n\n<p>En la conferencia, organizada por la Direcci\u00f3n de Derechos Humanos del Consejo de la Judicatura en el marco del D\u00eda Internacional de los Derechos Humanos, que se conmemor\u00f3 el pasado 10 de diciembre, el Visitador General de la CNDH consider\u00f3 que no s\u00f3lo se trata de accesibilidad sino tambi\u00e9n de cambiar la forma de interpretar las leyes, as\u00ed como de adecuarlas para garantizar acciones efectivas a su favor.<\/p>\n\n\n\n<p>Al inicio de la conferencia magistral, a nombre del titular del Poder Judicial, magistrado Eduardo Pinacho S\u00e1nchez, el director de Derechos Humanos de la Judicatura, doctor V\u00edctor Leonel Juan Mart\u00ednez, reconoci\u00f3 las valiosas aportaciones del visitador Germ\u00e1n Emmanuel Bautista Hern\u00e1ndez.<\/p>\n\n\n\n<p>Indic\u00f3 que las personas con discapacidad son un sector de vulnerabilidad, debido a que no hay condiciones estructurales en oficinas gubernamentales o espacios p\u00fablicos para ellos, lo que resulta una problem\u00e1tica que conlleva a la reflexi\u00f3n y el an\u00e1lisis.<\/p>\n","protected":false},"excerpt":{"rendered":"<p>Redacci\u00f3n\/Zona Roja. Oaxaca de Ju\u00e1rez, Oax., 22 de diciembre de 2020.- El visitador adjunto adscrito&hellip;<\/p>\n","protected":false},"author":2,"featured_media":21537,"comment_status":"closed","ping_status":"open","sticky":false,"template":"","format":"standard","meta":{"_lmt_disableupdate":"","_lmt_disable":"","_jetpack_memberships_contains_paid_content":false,"footnotes":""},"categories":[109,46],"tags":[223],"class_list":["post-21536","post","type-post","status-publish","format-standard","has-post-thumbnail","hentry","category-minuto-a-minuto","category-zona-blanca","tag-poder-judicial-de-oaxaca"],"jetpack_featured_media_url":"https:\/\/zonaroja.com.mx\/wp-content\/uploads\/2020\/12\/1-CONFERENCIA-MAGISTRAL-SOBRE-DISCAPACIDAD.jpg","jetpack_sharing_enabled":true,"_links":{"self":[{"href":"https:\/\/zonaroja.com.mx\/index.php?rest_route=\/wp\/v2\/posts\/21536","targetHints":{"allow":["GET"]}}],"collection":[{"href":"https:\/\/zonaroja.com.mx\/index.php?rest_route=\/wp\/v2\/posts"}],"about":[{"href":"https:\/\/zonaroja.com.mx\/index.php?rest_route=\/wp\/v2\/types\/post"}],"author":[{"embeddable":true,"href":"https:\/\/zonaroja.com.mx\/index.php?rest_route=\/wp\/v2\/users\/2"}],"replies":[{"embeddable":true,"href":"https:\/\/zonaroja.com.mx\/index.php?rest_route=%2Fwp%2Fv2%2Fcomments&post=21536"}],"version-history":[{"count":1,"href":"https:\/\/zonaroja.com.mx\/index.php?rest_route=\/wp\/v2\/posts\/21536\/revisions"}],"predecessor-version":[{"id":21538,"href":"https:\/\/zonaroja.com.mx\/index.php?rest_route=\/wp\/v2\/posts\/21536\/revisions\/21538"}],"wp:featuredmedia":[{"embeddable":true,"href":"https:\/\/zonaroja.com.mx\/index.php?rest_route=\/wp\/v2\/media\/21537"}],"wp:attachment":[{"href":"https:\/\/zonaroja.com.mx\/index.php?rest_route=%2Fwp%2Fv2%2Fmedia&parent=21536"}],"wp:term":[{"taxonomy":"category","embeddable":true,"href":"https:\/\/zonaroja.com.mx\/index.php?rest_route=%2Fwp%2Fv2%2Fcategories&post=21536"},{"taxonomy":"post_tag","embeddable":true,"href":"https:\/\/zonaroja.com.mx\/index.php?rest_route=%2Fwp%2Fv2%2Ftags&post=21536"}],"curies":[{"name":"wp","href":"https:\/\/api.w.org\/{rel}","templated":true}]}}