{"id":21539,"date":"2020-12-22T11:10:58","date_gmt":"2020-12-22T17:10:58","guid":{"rendered":"http:\/\/www.zonaroja.com.mx\/?p=21539"},"modified":"2020-12-22T11:11:05","modified_gmt":"2020-12-22T17:11:05","slug":"pandemia-aumenta-desempleo-de-mujeres-y-violencia-marta-lamas","status":"publish","type":"post","link":"https:\/\/zonaroja.com.mx\/?p=21539","title":{"rendered":"Pandemia aumenta desempleo de mujeres y violencia: Marta Lamas"},"content":{"rendered":"\n<p>Evlin Arag\u00f3n\/Zona Roja.<\/p>\n\n\n\n<p>Oaxaca de Ju\u00e1rez, Oax., 22 de diciembre de 2020.- El desempleo de las mujeres, la sobrecarga en el trabajo dom\u00e9stico y de cuidados ha aumentado con motivo de la pandemia por Covid-19 y se ha convertido en un tema necesario de atender por parte de las autoridades, que hasta el momento no se han pronunciado al respecto.&nbsp;<\/p>\n\n\n\n<p>As\u00ed lo expuso Marta Lamas, antrop\u00f3loga de profesi\u00f3n, en el marco del ciclo de conferencias denominadas \u201cOaxaca en el mundo\u201d que se transmiten por la Corporaci\u00f3n Oaxaque\u00f1a de Radio y Televisi\u00f3n (Cortv), con la intenci\u00f3n de generar el debate en torno a diversos temas.&nbsp;&nbsp;<\/p>\n\n\n\n<p>\u201cLas mujeres hacen mucho trabajo invisible, que no se ve, incluso que no se paga. Lo hemos podido visualizar con la pandemia. Ese mismo trabajo ha incrementado de forma considerable debido al propio confinamiento\u201d, dijo, entrevistada por el historiador Carlos Tello.&nbsp;<\/p>\n\n\n\n<p>Para la especialista en temas de g\u00e9nero, no es del todo real el aumento de la violencia hacia las mujeres durante la pandemia, por el contrario, asegura son las llamadas de auxilio la que han ido al alza, mientras que la violencia sigue siendo igual de grave que hace muchos a\u00f1os, pero no hab\u00eda tenido los reflectores puestos encima como ahora.<\/p>\n\n\n\n<p>Sin embargo, lo que s\u00ed ha incrementado son las cadenas de violencia contra personas adultas mayores, ni\u00f1as y ni\u00f1os e incluso con las mascotas, debido al confinamiento que se ha extendido en m\u00e1s de ocho meses para algunas familias del pa\u00eds.&nbsp;<\/p>\n\n\n\n<p>Aunque la denuncia es clave, para Marta Lamas lo es m\u00e1s la canalizaci\u00f3n y el seguimiento de la misma, ya que de poco sirve decir que hay miles de denuncias si estas no son atendidas en tiempo y forma para prevenir tragedia al interior de las familias.&nbsp;<\/p>\n\n\n\n<p>La antrop\u00f3loga cuestion\u00f3 el actuar del gobierno federal, particularmente el del mandatario Andr\u00e9s Manuel L\u00f3pez Obrador, quien ha dado declaraciones desafortunadas en torno a la pandemia y las mujeres, por el contrario, destac\u00f3 el actuar de Nadine Gasman al frente del Instituto Nacional de las Mujeres (Inmujeres).&nbsp;<\/p>\n\n\n\n<p>Finalmente celebr\u00f3 la despenalizaci\u00f3n del aborto en Oaxaca, que dijo junto con la Ciudad de M\u00e9xico son las \u00fanicas entidades que han legislado a favor del derecho de las mujeres a decidir sobre su cuerpo, lo cual habla de la herencia liberal en la tierra de Benito Ju\u00e1rez.&nbsp;<\/p>\n\n\n\n<p>La bienvenida al programa estuvo a cargo del doctor Mart\u00edn V\u00e1squez Villanueva, titular de la Corporaci\u00f3n Oaxaque\u00f1a de Radio y Televisi\u00f3n, quien apunt\u00f3 que estos ejercicios de an\u00e1lisis son para contribuir al debate y a la b\u00fasqueda de soluci\u00f3n a los diversos problemas del pa\u00eds y de Oaxaca.<\/p>\n","protected":false},"excerpt":{"rendered":"<p>Evlin Arag\u00f3n\/Zona Roja. Oaxaca de Ju\u00e1rez, Oax., 22 de diciembre de 2020.- El desempleo de&hellip;<\/p>\n","protected":false},"author":2,"featured_media":21540,"comment_status":"closed","ping_status":"open","sticky":false,"template":"","format":"standard","meta":{"_lmt_disableupdate":"","_lmt_disable":"","_jetpack_memberships_contains_paid_content":false,"footnotes":""},"categories":[109,47],"tags":[1890,2308,1582],"class_list":["post-21539","post","type-post","status-publish","format-standard","has-post-thumbnail","hentry","category-minuto-a-minuto","category-zona-gris","tag-corporacion-oaxaquena-de-radio-y-television-cortv","tag-marta-lamas","tag-martin-vasquez-villanueva"],"jetpack_featured_media_url":"https:\/\/zonaroja.com.mx\/wp-content\/uploads\/2020\/12\/Carlos-Tello.jpg","jetpack_sharing_enabled":true,"_links":{"self":[{"href":"https:\/\/zonaroja.com.mx\/index.php?rest_route=\/wp\/v2\/posts\/21539","targetHints":{"allow":["GET"]}}],"collection":[{"href":"https:\/\/zonaroja.com.mx\/index.php?rest_route=\/wp\/v2\/posts"}],"about":[{"href":"https:\/\/zonaroja.com.mx\/index.php?rest_route=\/wp\/v2\/types\/post"}],"author":[{"embeddable":true,"href":"https:\/\/zonaroja.com.mx\/index.php?rest_route=\/wp\/v2\/users\/2"}],"replies":[{"embeddable":true,"href":"https:\/\/zonaroja.com.mx\/index.php?rest_route=%2Fwp%2Fv2%2Fcomments&post=21539"}],"version-history":[{"count":1,"href":"https:\/\/zonaroja.com.mx\/index.php?rest_route=\/wp\/v2\/posts\/21539\/revisions"}],"predecessor-version":[{"id":21541,"href":"https:\/\/zonaroja.com.mx\/index.php?rest_route=\/wp\/v2\/posts\/21539\/revisions\/21541"}],"wp:featuredmedia":[{"embeddable":true,"href":"https:\/\/zonaroja.com.mx\/index.php?rest_route=\/wp\/v2\/media\/21540"}],"wp:attachment":[{"href":"https:\/\/zonaroja.com.mx\/index.php?rest_route=%2Fwp%2Fv2%2Fmedia&parent=21539"}],"wp:term":[{"taxonomy":"category","embeddable":true,"href":"https:\/\/zonaroja.com.mx\/index.php?rest_route=%2Fwp%2Fv2%2Fcategories&post=21539"},{"taxonomy":"post_tag","embeddable":true,"href":"https:\/\/zonaroja.com.mx\/index.php?rest_route=%2Fwp%2Fv2%2Ftags&post=21539"}],"curies":[{"name":"wp","href":"https:\/\/api.w.org\/{rel}","templated":true}]}}