{"id":21545,"date":"2020-12-22T13:17:05","date_gmt":"2020-12-22T19:17:05","guid":{"rendered":"https:\/\/www.zonaroja.com.mx\/?p=21545"},"modified":"2020-12-22T13:17:09","modified_gmt":"2020-12-22T19:17:09","slug":"con-recinto-sanitizado-reanudan-discusion-de-paquete-fiscal-2021-en-congreso-local","status":"publish","type":"post","link":"https:\/\/zonaroja.com.mx\/?p=21545","title":{"rendered":"Con recinto sanitizado, reanudan discusi\u00f3n de paquete fiscal 2021 en Congreso local"},"content":{"rendered":"\n<p class=\"MsoNormal\">Evlin Arag\u00f3n\/Zona Roja. <\/p>\n\n\n\n<p class=\"MsoNormal\">Oaxaca de Ju\u00e1rez, Oax., 22 de diciembre de 2020.- La presidenta de la Junta de Coordinaci\u00f3n Pol\u00edtica, Delfina Guzm\u00e1n D\u00edaz, asegur\u00f3 que la sede de la 64 Legislatura cuenta con todas las medidas sanitarias para reanudar la sesi\u00f3n ordinaria de <a href=\"\/\/0\">este martes<\/a>, en que se prev\u00e9 discutir y aprobar el paquete fiscal 2021.  <\/p>\n\n\n\n<p>La asamblea est\u00e1 citada a las 12:00 horas, no obstante al momento no ha iniciado. <\/p>\n\n\n\n<p class=\"MsoNormal\">En entrevista, manifest\u00f3 que desde la Jucopo est\u00e1n actuando de manera responsable, raz\u00f3n por la que se implementan los respectivos filtros y las sanitizaciones en las diferentes \u00e1reas del Congreso, independientemente de las medidas personales que cada una de las personas debe asumir. <\/p>\n\n\n\n<p class=\"MsoNormal\">Por lo anterior, se ha reducido la presencia de visitantes y representantes de medios de comunicaci\u00f3n, as\u00ed como personal que labora con los propios legisladores, a quienes se les ha pedido trabajar a distancia o por guardias con la intenci\u00f3n de no concentrar cantidades amplias de personas al interior del recinto.  <\/p>\n\n\n\n<p class=\"MsoNormal\">\u201cCreo que se est\u00e1n tomando las medidas pertinentes, las medidas necesarias, pero a\u00fan as\u00ed consideramos que debemos seguir reforzando las medidas para evitar ser un sitio con potencial de contagio\u201d, dijo.&nbsp;&nbsp;<\/p>\n\n\n\n<p class=\"MsoNormal\">Guzm\u00e1n D\u00edaz puntualiz\u00f3 que la labor legislativa no puede parar, m\u00e1s a\u00fan cuando se est\u00e1 por discutir y aprobar el paquete fiscal 2021, de ah\u00ed que se est\u00e9 tomando de manera seria y responsable la seguridad sanitaria al interior del Congreso.&nbsp;<\/p>\n\n\n\n<p class=\"MsoNormal\">Manifest\u00f3 que la pandemia no ha sido ajena para las y los diputados, algunos de los cuales han dado positivo al virus en alg\u00fan momento, por lo que han tenido que resguardarse en su viviendas y seguir las indicaciones medicas, de ah\u00ed la necesidad de actuar en consecuencia.&nbsp;&nbsp;<\/p>\n\n\n\n<p class=\"MsoNormal\">\u201cNos preocupa y nos asusta la pandemia. Por eso tomamos todas las medidas sanitarias necesarias para evitar el contagio\u201d, sentenci\u00f3.&nbsp;<\/p>\n\n\n\n<p class=\"MsoNormal\">Finalmente lament\u00f3 la situaci\u00f3n de salud que atraviesa su compa\u00f1ero de bancada Oth\u00f3n Cuevas C\u00f3rdoba, quien presenta complicaciones por Covid-19, sin embargo confi\u00f3 en que la vida saludable que lleva le ayuda a salir adelante, pese a que presenta diagn\u00f3stico reservado.  <\/p>\n","protected":false},"excerpt":{"rendered":"<p>Evlin Arag\u00f3n\/Zona Roja. Oaxaca de Ju\u00e1rez, Oax., 22 de diciembre de 2020.- La presidenta de&hellip;<\/p>\n","protected":false},"author":2,"featured_media":21544,"comment_status":"closed","ping_status":"open","sticky":false,"template":"","format":"standard","meta":{"_lmt_disableupdate":"","_lmt_disable":"","_jetpack_memberships_contains_paid_content":false,"footnotes":""},"categories":[109,46],"tags":[1927],"class_list":["post-21545","post","type-post","status-publish","format-standard","has-post-thumbnail","hentry","category-minuto-a-minuto","category-zona-blanca","tag-delfina-guzman-diaz"],"jetpack_featured_media_url":"https:\/\/zonaroja.com.mx\/wp-content\/uploads\/2020\/12\/88b3b93e-e464-4883-9e5e-ce8e1c1ec7a9.jpg","jetpack_sharing_enabled":true,"_links":{"self":[{"href":"https:\/\/zonaroja.com.mx\/index.php?rest_route=\/wp\/v2\/posts\/21545","targetHints":{"allow":["GET"]}}],"collection":[{"href":"https:\/\/zonaroja.com.mx\/index.php?rest_route=\/wp\/v2\/posts"}],"about":[{"href":"https:\/\/zonaroja.com.mx\/index.php?rest_route=\/wp\/v2\/types\/post"}],"author":[{"embeddable":true,"href":"https:\/\/zonaroja.com.mx\/index.php?rest_route=\/wp\/v2\/users\/2"}],"replies":[{"embeddable":true,"href":"https:\/\/zonaroja.com.mx\/index.php?rest_route=%2Fwp%2Fv2%2Fcomments&post=21545"}],"version-history":[{"count":1,"href":"https:\/\/zonaroja.com.mx\/index.php?rest_route=\/wp\/v2\/posts\/21545\/revisions"}],"predecessor-version":[{"id":21546,"href":"https:\/\/zonaroja.com.mx\/index.php?rest_route=\/wp\/v2\/posts\/21545\/revisions\/21546"}],"wp:featuredmedia":[{"embeddable":true,"href":"https:\/\/zonaroja.com.mx\/index.php?rest_route=\/wp\/v2\/media\/21544"}],"wp:attachment":[{"href":"https:\/\/zonaroja.com.mx\/index.php?rest_route=%2Fwp%2Fv2%2Fmedia&parent=21545"}],"wp:term":[{"taxonomy":"category","embeddable":true,"href":"https:\/\/zonaroja.com.mx\/index.php?rest_route=%2Fwp%2Fv2%2Fcategories&post=21545"},{"taxonomy":"post_tag","embeddable":true,"href":"https:\/\/zonaroja.com.mx\/index.php?rest_route=%2Fwp%2Fv2%2Ftags&post=21545"}],"curies":[{"name":"wp","href":"https:\/\/api.w.org\/{rel}","templated":true}]}}