{"id":21548,"date":"2020-12-22T14:27:56","date_gmt":"2020-12-22T20:27:56","guid":{"rendered":"https:\/\/www.zonaroja.com.mx\/?p=21548"},"modified":"2020-12-22T14:36:42","modified_gmt":"2020-12-22T20:36:42","slug":"cuatro-protestas-en-un-solo-dia-en-oaxaca-gobernabilidad-en-duda","status":"publish","type":"post","link":"https:\/\/zonaroja.com.mx\/?p=21548","title":{"rendered":"Cuatro protestas en un solo d\u00eda en Oaxaca; gobernabilidad en duda"},"content":{"rendered":"\n<p class=\"MsoNormal\">Evlin Arag\u00f3n\/Zona Roja.<\/p>\n\n\n\n<p class=\"MsoNormal\">Oaxacq de Ju\u00e1rez, Oax.. 22 de diciembre de 2020.- De nueva cuenta, la ausencia de pol\u00edtica interna en el estado por parte de la Secretar\u00eda General de Gobierno (Segego) gener\u00f3 este martes cuatro protestas y bloqueos carreteros, en su mayor\u00eda en la capital oaxaque\u00f1a.<\/p>\n\n\n\n<p class=\"MsoNormal\">Desde temprana hora, integrantes del Frente Amplio de Comunidades Marginadas de Oaxaca (FACMEO), arribaron a las instalaciones de Ciudad Administrativa para exigir justicia para su compa\u00f1ero Rafael Rodr\u00edguez Enr\u00edquez, asesinado hace nueve a\u00f1os sin que las autoridades esclarezcan los hechos.  <\/p>\n\n\n\n<p class=\"MsoNormal\">As\u00ed mismo, realizaron el cierre simb\u00f3lico de las instalaciones ubicadas en Tlalixtac de Cabrera para demandar proyectos sociales para las comunidades marginadas, particularmente para el mejoramiento de viviendas y escuelas, mediante un programa que aplic\u00f3 desde el 2018, sin que hasta el momento exista respuesta satisfactoria para 180 familias.   <\/p>\n\n\n\n<p class=\"MsoNormal\">As\u00ed lo dio a conocer Carmen S\u00e1nchez Parada, representante de la organizaci\u00f3n, quien detall\u00f3 que a\u00f1o con a\u00f1o se ven en la necesidad de manifestarse debido a la poca atenci\u00f3n por parte del gobierno que, pareciera, necesita protestas para atender a las comunidades con mayor necesidad en campo como son: San&nbsp;Juan Lachigalla, San Luis Amatl\u00e1n y Santa Mar\u00eda Zoquitl\u00e1n.&nbsp;&nbsp;<\/p>\n\n\n\n<p class=\"MsoNormal\">La protesta del FACMEO no fue la \u00fanica, ya que militantes de la Asociaci\u00f3n para el Fomento y Desarrollo de los Pueblos de Oaxaca (Afodepo), hicieron presencia a las afueras de Casa Oficial en donde exigieron audiencia con el gobernador Alejandro Murat Hinojosa.  <\/p>\n\n\n\n<p class=\"MsoNormal\">Mauro Cruz Cruz,&nbsp;dirigente de la organizaci\u00f3n de corte pri\u00edsta, asegur\u00f3 que no han sido escuchados, principalmente por el funcionariado p\u00fablico que no cumple con sus deberes de atender las necesidades b\u00e1sicas en las viviendas de quienes menos tienen.&nbsp;&nbsp;<\/p>\n\n\n\n<p class=\"MsoNormal\">Piso y techo en la vivienda, as\u00ed como otras obras de infraestructura son parte de las demandas de la Afodepo que se dijo aliada de este gobierno, sin embargo, la falta de audiencia le ha obligado a manifestarse durante&nbsp;<a href=\"\/\/2\">este martes<\/a>, acci\u00f3n que incrementaran en caso de no ser escuchados.&nbsp;<\/p>\n\n\n\n<p class=\"MsoNormal\"><a href=\"\/\/3\">A las dos<\/a> protestas anteriores se uni\u00f3 el Frente Ind\u00edgena de Pueblos Olvidados de Oaxaca (FIPOO)  que bloqueo la avenida Ju\u00e1rez, quienes trasladaron su protesta al ayuntamiento de Oaxaca de Ju\u00e1rez, para exigir el cumplimiento del pago del techado de una telesecundaria ubicada en San Pedro Juchatengo. <\/p>\n\n\n\n<p class=\"MsoNormal\">EL ISTMO TAMBI\u00c9N  <\/p>\n\n\n\n<p class=\"MsoNormal\">Por su parte en la regi\u00f3n del Istmo de Tehuantepec, integrantes del Frente Unificado Obradorista por Guichicovi bloquearon la carretera Trans\u00edstmica en el tramo Palomares-Mat\u00edas, justo en la desviaci\u00f3n a Mogo\u00f1\u00e9, impidiendo el paso hacia la regi\u00f3n de Tuxtepec y el estado hermano de Veracruz.&nbsp;<\/p>\n\n\n\n<p class=\"MsoNormal\">Lo anterior para denunciar el robo y saqueo por m\u00e1s de mil millones de pesos en el municipio de San Juan Guichicovi, situaci\u00f3n de la que responsabilizan al edil Reynel Ram\u00edrez Mijangos y Francisca Pineda Vera.  <\/p>\n\n\n\n<p class=\"MsoNormal\">Mientras que el paro de actividades por parte de elementos de la Polic\u00eda Municipal de Salina Cruz contin\u00faa, con el respaldo de la Uni\u00f3n de Comerciantes Fijos y Semifijos, que les otorgaron refrigerios esta ma\u00f1ana.  <\/p>\n","protected":false},"excerpt":{"rendered":"<p>Evlin Arag\u00f3n\/Zona Roja. Oaxacq de Ju\u00e1rez, Oax.. 22 de diciembre de 2020.- De nueva cuenta,&hellip;<\/p>\n","protected":false},"author":2,"featured_media":21547,"comment_status":"closed","ping_status":"open","sticky":false,"template":"","format":"standard","meta":{"_lmt_disableupdate":"","_lmt_disable":"","_jetpack_memberships_contains_paid_content":false,"footnotes":""},"categories":[109,47],"tags":[],"class_list":["post-21548","post","type-post","status-publish","format-standard","has-post-thumbnail","hentry","category-minuto-a-minuto","category-zona-gris"],"jetpack_featured_media_url":"https:\/\/zonaroja.com.mx\/wp-content\/uploads\/2020\/12\/ac36aca1-8167-46fa-b847-a23c8a4f44d7.jpg","jetpack_sharing_enabled":true,"_links":{"self":[{"href":"https:\/\/zonaroja.com.mx\/index.php?rest_route=\/wp\/v2\/posts\/21548","targetHints":{"allow":["GET"]}}],"collection":[{"href":"https:\/\/zonaroja.com.mx\/index.php?rest_route=\/wp\/v2\/posts"}],"about":[{"href":"https:\/\/zonaroja.com.mx\/index.php?rest_route=\/wp\/v2\/types\/post"}],"author":[{"embeddable":true,"href":"https:\/\/zonaroja.com.mx\/index.php?rest_route=\/wp\/v2\/users\/2"}],"replies":[{"embeddable":true,"href":"https:\/\/zonaroja.com.mx\/index.php?rest_route=%2Fwp%2Fv2%2Fcomments&post=21548"}],"version-history":[{"count":1,"href":"https:\/\/zonaroja.com.mx\/index.php?rest_route=\/wp\/v2\/posts\/21548\/revisions"}],"predecessor-version":[{"id":21549,"href":"https:\/\/zonaroja.com.mx\/index.php?rest_route=\/wp\/v2\/posts\/21548\/revisions\/21549"}],"wp:featuredmedia":[{"embeddable":true,"href":"https:\/\/zonaroja.com.mx\/index.php?rest_route=\/wp\/v2\/media\/21547"}],"wp:attachment":[{"href":"https:\/\/zonaroja.com.mx\/index.php?rest_route=%2Fwp%2Fv2%2Fmedia&parent=21548"}],"wp:term":[{"taxonomy":"category","embeddable":true,"href":"https:\/\/zonaroja.com.mx\/index.php?rest_route=%2Fwp%2Fv2%2Fcategories&post=21548"},{"taxonomy":"post_tag","embeddable":true,"href":"https:\/\/zonaroja.com.mx\/index.php?rest_route=%2Fwp%2Fv2%2Ftags&post=21548"}],"curies":[{"name":"wp","href":"https:\/\/api.w.org\/{rel}","templated":true}]}}