{"id":21550,"date":"2020-12-22T17:31:43","date_gmt":"2020-12-22T23:31:43","guid":{"rendered":"http:\/\/www.zonaroja.com.mx\/?p=21550"},"modified":"2020-12-22T17:56:11","modified_gmt":"2020-12-22T23:56:11","slug":"suicidio-la-otra-pandemia-en-oaxaca-al-menos-12-mujeres-se-han-quitado-la-vida","status":"publish","type":"post","link":"https:\/\/zonaroja.com.mx\/?p=21550","title":{"rendered":"Suicidio, la otra pandemia en Oaxaca; al menos 12 mujeres se han quitado la vida"},"content":{"rendered":"\n<p>Yuridiana Sosa\/Zona Roja.<\/p>\n\n\n\n<p>Oaxaca de Ju\u00e1rez, Oax., 22 de diciembre de 2020.- La adolescente de 16 a\u00f1os de edad lo intent\u00f3 la noche del domingo, pero al final, fue convencida por Bomberos de no quitarse la vida, desde el puente peatonal de la v\u00eda federal 190 Oaxaca-Istmo, a la altura de las antiguas oficinas del IEEPO.<\/p>\n\n\n\n<p>Los suicidios son la segunda causa de muerte en la poblaci\u00f3n joven en M\u00e9xico y en Oaxaca, este hecho no es la excepci\u00f3n, pues durante este a\u00f1o al menos 12 mujeres han perdido la vida por esta determinaci\u00f3n, y al menos se ha dado a conocer el suceso en tres j\u00f3venes varones.<\/p>\n\n\n\n<p>De acuerdo con un recuento de Consorcio Oaxaca, de febrero al 22 de diciembre de este a\u00f1o, 12 oaxaque\u00f1as entre los 12 y 45 a\u00f1os cometieron suicidio, 10 de estos hechos registrados en medio de la contingencia por Covid-19, entre abril y diciembre.<\/p>\n\n\n\n<p>Dos fueron ni\u00f1as de 12 a\u00f1os, una de 13 a\u00f1os, as\u00ed como una adolescente de 16 y 18 a\u00f1os; adem\u00e1s, otra joven mujer de 22, 29,35 y 45 a\u00f1os.<\/p>\n\n\n\n<p>De una m\u00e1s se desconocen los datos, indica el reporte hemerogr\u00e1fico de la organizaci\u00f3n.<\/p>\n\n\n\n<p>En nueve de los casos, la forma de suicidio fue atarse a una cuerda al cuello, mientras que dos m\u00e1s decidieron lanzarse de un puente.<\/p>\n\n\n\n<p>Pero a estos casos se le suma la tragedia de un adolescente en el mes de febrero en San Jer\u00f3nimo Tlacochahuaya, as\u00ed como otro en Tlacolula de Matamoros y recientemente, el pasado domingo, el presunto suicidio de un joven hombre de 28 a\u00f1os al lanzarse a un pozo, en la agencia de San Juan Chapultepec, del municipio de Oaxaca de Ju\u00e1rez.<\/p>\n\n\n\n<p>A los hechos se le suma el intento de suicidio de otros j\u00f3venes que han logrado salvar la vida por intervenci\u00f3n de cuerpos de rescate o elementos de seguridad p\u00fablica que han impedido el acto.<\/p>\n\n\n\n<p>Uno de estos casos se registr\u00f3 el pasado domingo 20 de diciembre, cuando una menor de 16 a\u00f1os intent\u00f3 lanzarse del puente peatonal ubicado en la carretera Internacional 190, en inmediaciones del crucero del antiguo edificio del IEEPO, en Santa Luc\u00eda del Camino.<\/p>\n\n\n\n<p>Elementos de la Polic\u00eda Estatal y Polic\u00eda Vial, dependientes de la Secretar\u00eda de Seguridad P\u00fablica, intervinieron para auxiliar a la adolescente, a quien convencieron de no hacerlo tras 40 minutos de di\u00e1logo.<\/p>\n\n\n\n<p>RECOMENDACIONES<\/p>\n\n\n\n<p>El psic\u00f3logo de los Servicios de Salud de Oaxaca (SSO), Juan de Dios Cort\u00e9s G\u00f3mez, advierte a la poblaci\u00f3n no ignorar los comentarios o advertencias que realicen amigos, familiares o conocidos de no querer vivir.<\/p>\n\n\n\n<p>Apunta que una de las mejores formas de ayudar es acerc\u00e1ndose a los afectados, ofrecer compa\u00f1\u00eda o, ahora en medio de la contingencia, utilizar la tecnolog\u00eda para estar en constante comunicaci\u00f3n para poder escuchar y entender la situaci\u00f3n que padecen para finalmente buscar la ayuda especializada correspondiente.<\/p>\n\n\n\n<p>El especialista indica que los suicidios tienen m\u00faltiples factores que lo determinan, pero entre las caracter\u00edsticas principales est\u00e1 el aislamiento de la persona, la depresi\u00f3n y el cambio de conductas, a los que se debe estar atentos.<\/p>\n\n\n\n<p>La direcci\u00f3n de Prevenci\u00f3n y Promoci\u00f3n de la Salud los SSO registr\u00f3 en 2016, 116 suicidios; 129 actos en el 2017 y 148 durante el 2018. Del a\u00f1o pasado y del actual, a\u00f9n no hay cifras oficiales.<\/p>\n","protected":false},"excerpt":{"rendered":"<p>Yuridiana Sosa\/Zona Roja. Oaxaca de Ju\u00e1rez, Oax., 22 de diciembre de 2020.- La adolescente de&hellip;<\/p>\n","protected":false},"author":2,"featured_media":19321,"comment_status":"closed","ping_status":"open","sticky":false,"template":"","format":"standard","meta":{"_lmt_disableupdate":"","_lmt_disable":"","_jetpack_memberships_contains_paid_content":false,"footnotes":""},"categories":[109,47],"tags":[2309],"class_list":["post-21550","post","type-post","status-publish","format-standard","has-post-thumbnail","hentry","category-minuto-a-minuto","category-zona-gris","tag-suicidios-en-oaxaca"],"jetpack_featured_media_url":"https:\/\/zonaroja.com.mx\/wp-content\/uploads\/2020\/10\/Suicidio-mujer.jpg","jetpack_sharing_enabled":true,"_links":{"self":[{"href":"https:\/\/zonaroja.com.mx\/index.php?rest_route=\/wp\/v2\/posts\/21550","targetHints":{"allow":["GET"]}}],"collection":[{"href":"https:\/\/zonaroja.com.mx\/index.php?rest_route=\/wp\/v2\/posts"}],"about":[{"href":"https:\/\/zonaroja.com.mx\/index.php?rest_route=\/wp\/v2\/types\/post"}],"author":[{"embeddable":true,"href":"https:\/\/zonaroja.com.mx\/index.php?rest_route=\/wp\/v2\/users\/2"}],"replies":[{"embeddable":true,"href":"https:\/\/zonaroja.com.mx\/index.php?rest_route=%2Fwp%2Fv2%2Fcomments&post=21550"}],"version-history":[{"count":2,"href":"https:\/\/zonaroja.com.mx\/index.php?rest_route=\/wp\/v2\/posts\/21550\/revisions"}],"predecessor-version":[{"id":21552,"href":"https:\/\/zonaroja.com.mx\/index.php?rest_route=\/wp\/v2\/posts\/21550\/revisions\/21552"}],"wp:featuredmedia":[{"embeddable":true,"href":"https:\/\/zonaroja.com.mx\/index.php?rest_route=\/wp\/v2\/media\/19321"}],"wp:attachment":[{"href":"https:\/\/zonaroja.com.mx\/index.php?rest_route=%2Fwp%2Fv2%2Fmedia&parent=21550"}],"wp:term":[{"taxonomy":"category","embeddable":true,"href":"https:\/\/zonaroja.com.mx\/index.php?rest_route=%2Fwp%2Fv2%2Fcategories&post=21550"},{"taxonomy":"post_tag","embeddable":true,"href":"https:\/\/zonaroja.com.mx\/index.php?rest_route=%2Fwp%2Fv2%2Ftags&post=21550"}],"curies":[{"name":"wp","href":"https:\/\/api.w.org\/{rel}","templated":true}]}}