{"id":2156,"date":"2019-07-10T12:59:25","date_gmt":"2019-07-10T17:59:25","guid":{"rendered":"https:\/\/www.zonaroja.com.mx\/?p=2156"},"modified":"2019-07-10T17:55:55","modified_gmt":"2019-07-10T22:55:55","slug":"elementos-de-seguridad-en-oaxaca-conforman-asociacion-civil-para-defender-sus-derechos","status":"publish","type":"post","link":"https:\/\/zonaroja.com.mx\/?p=2156","title":{"rendered":"Elementos de seguridad en Oaxaca conforman asociaci\u00f3n civil para defender sus derechos"},"content":{"rendered":"<p><span lang=\"ES\" style=\"font-family: Arial\">Redacci\u00f3n<\/span><\/p>\n<p>Oaxaca<span lang=\"ES\" style=\"font-family: Arial\"> de <\/span>Ju\u00e1rez<span lang=\"ES\" style=\"font-family: Arial\">, Oax., 10 de julio <\/span>de<span lang=\"ES\" style=\"font-family: Arial\"> 2019.- Personal de seguridad de varias corporaciones en la entidad oaxaque\u00f1a conformaron <\/span>hoy<span lang=\"ES\" style=\"font-family: Arial\"> una asociaci\u00f3n civil en defensa de las y los trabajadores en el \u00e1rea y por medio de la cual exigen procesos de capacitaci\u00f3n y certificaci\u00f3n sin distinci\u00f3n de ning\u00fan tipo.<\/span><\/p>\n<p><span lang=\"ES\" style=\"font-family: Arial\">As\u00ed lo dieron a conocer Petrona Constancia Guti\u00e9rrez y Jos\u00e9 Juan Cruz M\u00e9ndez, quienes entregaron su documentaci\u00f3n oficial en las instalaciones del Palacio de Gobierno a fin de hacer de conocimiento de las autoridades estatales su conformaci\u00f3n y su principal demanda en beneficio de la base trabajadora.\u00a0\u00a0<\/span><\/p>\n<p><span lang=\"ES\" style=\"font-family: Arial\">En conferencia de prensa explicaron que dentro de la agrupaci\u00f3n se encuentran elementos de la polic\u00eda municipal y estatal, de la Agencia Estatal de Investigaciones, de la Fiscal\u00eda General del Estado, incluso custodios, a fin de defender sus derechos laborales, vulnerados de forma cotidiana.<\/span><\/p>\n<p><span lang=\"ES\" style=\"font-family: Arial\">\u201cNo queremos nada de otro mundo, queremos una certificaci\u00f3n federal verdadera y real, sin distinci\u00f3n de corporaciones con la intenci\u00f3n de obtener el bono que no a todos les llega\u201d, explicaron.<\/span><\/p>\n<p><span lang=\"ES\" style=\"font-family: Arial\">En este sentido, explicaron que no buscan ocasionar ning\u00fan tipo de da\u00f1os a terceros por lo que no contemplan acciones de protestas, por el contrario buscan fortalecer las instituciones a nivel estatal en beneficio de la base trabajadora al servicio de instituciones de seguridad y procuraci\u00f3n de justicia.<\/span><\/p>\n<div class=\"twitter-tweet\">\n<blockquote class=\"twitter-tweet\" data-lang=\"es\">\n<p lang=\"es\" dir=\"ltr\"><a href=\"https:\/\/twitter.com\/hashtag\/OaxacaGris?src=hash&amp;ref_src=twsrc%5Etfw\">#OaxacaGris<\/a><br \/>Personal de la <a href=\"https:\/\/twitter.com\/SSP_GobOax?ref_src=twsrc%5Etfw\">@SSP_GobOax<\/a>, <a href=\"https:\/\/twitter.com\/Policia_GobOax?ref_src=twsrc%5Etfw\">@Policia_GobOax<\/a>, <a href=\"https:\/\/twitter.com\/FISCALIA_GobOax?ref_src=twsrc%5Etfw\">@FISCALIA_GobOax<\/a>, <a href=\"https:\/\/twitter.com\/AEI_Oaxaca?ref_src=twsrc%5Etfw\">@AEI_Oaxaca<\/a>, <a href=\"https:\/\/twitter.com\/MunicipioSeguro?ref_src=twsrc%5Etfw\">@MunicipioSeguro<\/a>, entre otros, crearon hoy una asociaci\u00f3n civil para defender sus derechos, as\u00ed como para promover capacitaciones y certificaciones. <a href=\"https:\/\/t.co\/GUJuvY94TW\">pic.twitter.com\/GUJuvY94TW<\/a><\/p>\n<p>&mdash; Zona Roja Oaxaca (@MexRoja) <a href=\"https:\/\/twitter.com\/MexRoja\/status\/1149007190683987969?ref_src=twsrc%5Etfw\">10 de julio de 2019<\/a><\/p><\/blockquote>\n<\/div>\n<p><span lang=\"ES\" style=\"font-size: 12pt;font-family: Arial\">El pasado 2 de junio, elementos<\/span><span lang=\"ES\" style=\"font-size: 12pt;font-family: Arial\"><span class=\"Apple-converted-space\">\u00a0<\/span><\/span><span style=\"font-size: 12pt;color: black;font-family: Arial;background-position: initial initial\">de la Polic\u00eda Municipal de Oaxaca de Ju\u00e1rez iniciaron una manifestaci\u00f3n a las afueras de la Plaza de la Danza para exigir la aplicaci\u00f3n del recurso que la federaci\u00f3n asigna a trav\u00e9s del\u00a0<\/span><span lang=\"ES\" style=\"font-size: 12pt;font-family: Arial\"><a href=\"https:\/\/www.gob.mx\/sesnsp\/acciones-y-programas\/programa-de-fortalecimiento-para-la-seguridad-fortaseg\" target=\"_blank\" rel=\"noopener noreferrer\">Programa de Fortalecimiento para la Seguridad (Fortaseg), que para este a\u00f1o asigno a la capital un monto de 28 millones de pesos.<\/a><\/span><\/p>\n<p><span lang=\"ES\" style=\"font-size: 12pt;font-family: Arial\">Mientras que a nivel nacional integrantes de la Polic\u00eda Federal pararon labores<\/span><span lang=\"ES\" style=\"font-size: 12pt;font-family: Arial\"><span class=\"Apple-converted-space\">\u00a0<\/span><\/span><span style=\"font-size: 12pt;color: black;font-family: Arial;background-position: initial initial\">para reclamar que su incorporaci\u00f3n a la Guardia Nacional se pretend\u00eda hacer\u00a0sin liquidaci\u00f3n y renunciando al total de su antig\u00fcedad, as\u00ed mismo la reducci\u00f3n de derechos laborales, incluyendo el riesgo de la desaparici\u00f3n de un bono mensual.<\/span><\/p>\n","protected":false},"excerpt":{"rendered":"<p>Redacci\u00f3n Oaxaca de Ju\u00e1rez, Oax., 10 de julio de 2019.- Personal de seguridad de varias&hellip;<\/p>\n","protected":false},"author":2,"featured_media":2159,"comment_status":"closed","ping_status":"open","sticky":false,"template":"","format":"standard","meta":{"_lmt_disableupdate":"","_lmt_disable":"","_jetpack_memberships_contains_paid_content":false,"footnotes":""},"categories":[1],"tags":[],"class_list":["post-2156","post","type-post","status-publish","format-standard","has-post-thumbnail","hentry","category-sin-categoria"],"jetpack_featured_media_url":"https:\/\/zonaroja.com.mx\/wp-content\/uploads\/2019\/07\/1c6708e2-92d8-4519-a548-e5b1fb2ed811.jpg","jetpack_sharing_enabled":true,"_links":{"self":[{"href":"https:\/\/zonaroja.com.mx\/index.php?rest_route=\/wp\/v2\/posts\/2156","targetHints":{"allow":["GET"]}}],"collection":[{"href":"https:\/\/zonaroja.com.mx\/index.php?rest_route=\/wp\/v2\/posts"}],"about":[{"href":"https:\/\/zonaroja.com.mx\/index.php?rest_route=\/wp\/v2\/types\/post"}],"author":[{"embeddable":true,"href":"https:\/\/zonaroja.com.mx\/index.php?rest_route=\/wp\/v2\/users\/2"}],"replies":[{"embeddable":true,"href":"https:\/\/zonaroja.com.mx\/index.php?rest_route=%2Fwp%2Fv2%2Fcomments&post=2156"}],"version-history":[{"count":2,"href":"https:\/\/zonaroja.com.mx\/index.php?rest_route=\/wp\/v2\/posts\/2156\/revisions"}],"predecessor-version":[{"id":2160,"href":"https:\/\/zonaroja.com.mx\/index.php?rest_route=\/wp\/v2\/posts\/2156\/revisions\/2160"}],"wp:featuredmedia":[{"embeddable":true,"href":"https:\/\/zonaroja.com.mx\/index.php?rest_route=\/wp\/v2\/media\/2159"}],"wp:attachment":[{"href":"https:\/\/zonaroja.com.mx\/index.php?rest_route=%2Fwp%2Fv2%2Fmedia&parent=2156"}],"wp:term":[{"taxonomy":"category","embeddable":true,"href":"https:\/\/zonaroja.com.mx\/index.php?rest_route=%2Fwp%2Fv2%2Fcategories&post=2156"},{"taxonomy":"post_tag","embeddable":true,"href":"https:\/\/zonaroja.com.mx\/index.php?rest_route=%2Fwp%2Fv2%2Ftags&post=2156"}],"curies":[{"name":"wp","href":"https:\/\/api.w.org\/{rel}","templated":true}]}}