{"id":21562,"date":"2020-12-22T21:51:14","date_gmt":"2020-12-23T03:51:14","guid":{"rendered":"http:\/\/www.zonaroja.com.mx\/?p=21562"},"modified":"2020-12-22T21:51:19","modified_gmt":"2020-12-23T03:51:19","slug":"pide-teeo-a-congreso-iniciar-revocacion-de-mandato-de-edil-y-sindica-de-ixcatlan","status":"publish","type":"post","link":"https:\/\/zonaroja.com.mx\/?p=21562","title":{"rendered":"Pide TEEO a Congreso iniciar revocaci\u00f3n de mandato de edil y s\u00edndica de Ixcatl\u00e1n"},"content":{"rendered":"\n<p>Redacci\u00f3n\/Zona Roja.<\/p>\n\n\n\n<p>Oaxaca de Ju\u00e1rez, Oax., a 22 de diciembre de 2020.- El pleno del Tribunal Electoral del Estado de Oaxaca (TEEO) resolvi\u00f3 este martes, en sesi\u00f3n p\u00fablica presencial, notificar al Congreso del Estado sobre la violencia pol\u00edtica en raz\u00f3n de g\u00e9nero cometida por el Presidente Municipal (Bertoldo Bernab\u00e9 Garc\u00eda) y la S\u00edndica Municipal de Santo Domingo Ixcatl\u00e1n, para que les inicie un procedimiento de revocaci\u00f3n del mandato.<\/p>\n\n\n\n<p>Esta sentencia del Procedimiento Especial Sancionador identificado con la clave PES\/02\/2020 se aprob\u00f3 en cumplimiento a lo ordenado por la Sala Regional Xalapa del Tribunal Electoral del Poder Judicial de la Federaci\u00f3n (TEPJF), en el juicio ciudadano n\u00famero SX-JDC-356\/2020.<\/p>\n\n\n\n<p>\u201cSe declara existen la violencia pol\u00edtica en raz\u00f3n de g\u00e9nero atribuida al Presidente Municipal y la S\u00edndica Municipal de Santo Domingo Ixcatl\u00e1n, en agravio de la ciudadana Luz Er\u00e9ndira Castro Rosales, Regidora de Salud\u201d, expone la resoluci\u00f3n.<\/p>\n\n\n\n<p>La magistrada y los magistrados del TEEO consideraron que las autoridades denunciadas han realizado una serie de actos y omisiones, con el firme prop\u00f3sito de limitar el acceso al pleno ejercicio de las atribuciones inherentes a su cargo por su condici\u00f3n de mujer ind\u00edgena y joven.<\/p>\n\n\n\n<p>Adem\u00e1s, se orden\u00f3 remitir copia de esta sentencia al Instituto Nacional Electoral (INE) y al Instituto Estatal Electoral y de Participaci\u00f3n Ciudadana de Oaxaca (IEEPCO) para los efectos legales, en t\u00e9rmino de sus atribuciones.<\/p>\n\n\n\n<p>El Tribunal tambi\u00e9n solicit\u00f3 al Presidente Municipal y la S\u00edndica Municipal de Santo Domingo Ixcatl\u00e1n ofrezcan una disculpa p\u00fablica la afectada.<\/p>\n\n\n\n<p>RECHAZO A ERICEL<\/p>\n\n\n\n<p>Por otro lado, en la misma sesi\u00f3n, el pleno del \u00f3rgano jurisdiccional determin\u00f3 infundados los agravios hechos valer por Ericel G\u00f3mez Nucamendi, quien se ostenta como Delegado Especial en funciones de Presidente del Comit\u00e9 Ejecutivo Estatal del Partido Pol\u00edtico Morena, contra los actos y resoluciones por los que el Instituto Estatal Electoral y de Participaci\u00f3n Ciudadana lo ha desconocido de dicho cargo.<\/p>\n\n\n\n<p>En la sentencia del expediente RA\/05\/2020, se resolvi\u00f3 que el actuar de las responsables fue consecuencia de la informaci\u00f3n que le hizo llegar el partido pol\u00edtico por conducto de sus representantes.<\/p>\n\n\n\n<p>En el estudio del recurso de apelaci\u00f3n n\u00famero RA\/06\/2020, el TEEO resolvi\u00f3 que es improcedente este recurso promovido por el Partido del Trabajo en contra de la Convocatoria para la ciudadan\u00eda con inter\u00e9s en postularse mediante candidaturas independientes a concejal\u00edas y diputaciones en el presente proceso electoral.<\/p>\n\n\n\n<p>Se consider\u00f3 que los actos en pugna no afectan directamente la esfera jur\u00eddica del partido actor ni de sus militantes.<\/p>\n","protected":false},"excerpt":{"rendered":"<p>Redacci\u00f3n\/Zona Roja. Oaxaca de Ju\u00e1rez, Oax., a 22 de diciembre de 2020.- El pleno del&hellip;<\/p>\n","protected":false},"author":2,"featured_media":20599,"comment_status":"closed","ping_status":"open","sticky":false,"template":"","format":"standard","meta":{"_lmt_disableupdate":"","_lmt_disable":"","_jetpack_memberships_contains_paid_content":false,"footnotes":""},"categories":[109,46],"tags":[2235],"class_list":["post-21562","post","type-post","status-publish","format-standard","has-post-thumbnail","hentry","category-minuto-a-minuto","category-zona-blanca","tag-tribunal-electoral-del-estado-de-oaxaca-teeo"],"jetpack_featured_media_url":"https:\/\/zonaroja.com.mx\/wp-content\/uploads\/2020\/11\/Tribunal-Electoral-del-Estado-de-Oaxaca.jpg","jetpack_sharing_enabled":true,"_links":{"self":[{"href":"https:\/\/zonaroja.com.mx\/index.php?rest_route=\/wp\/v2\/posts\/21562","targetHints":{"allow":["GET"]}}],"collection":[{"href":"https:\/\/zonaroja.com.mx\/index.php?rest_route=\/wp\/v2\/posts"}],"about":[{"href":"https:\/\/zonaroja.com.mx\/index.php?rest_route=\/wp\/v2\/types\/post"}],"author":[{"embeddable":true,"href":"https:\/\/zonaroja.com.mx\/index.php?rest_route=\/wp\/v2\/users\/2"}],"replies":[{"embeddable":true,"href":"https:\/\/zonaroja.com.mx\/index.php?rest_route=%2Fwp%2Fv2%2Fcomments&post=21562"}],"version-history":[{"count":1,"href":"https:\/\/zonaroja.com.mx\/index.php?rest_route=\/wp\/v2\/posts\/21562\/revisions"}],"predecessor-version":[{"id":21563,"href":"https:\/\/zonaroja.com.mx\/index.php?rest_route=\/wp\/v2\/posts\/21562\/revisions\/21563"}],"wp:featuredmedia":[{"embeddable":true,"href":"https:\/\/zonaroja.com.mx\/index.php?rest_route=\/wp\/v2\/media\/20599"}],"wp:attachment":[{"href":"https:\/\/zonaroja.com.mx\/index.php?rest_route=%2Fwp%2Fv2%2Fmedia&parent=21562"}],"wp:term":[{"taxonomy":"category","embeddable":true,"href":"https:\/\/zonaroja.com.mx\/index.php?rest_route=%2Fwp%2Fv2%2Fcategories&post=21562"},{"taxonomy":"post_tag","embeddable":true,"href":"https:\/\/zonaroja.com.mx\/index.php?rest_route=%2Fwp%2Fv2%2Ftags&post=21562"}],"curies":[{"name":"wp","href":"https:\/\/api.w.org\/{rel}","templated":true}]}}