{"id":21564,"date":"2020-12-22T21:55:15","date_gmt":"2020-12-23T03:55:15","guid":{"rendered":"http:\/\/www.zonaroja.com.mx\/?p=21564"},"modified":"2020-12-22T21:55:20","modified_gmt":"2020-12-23T03:55:20","slug":"repunta-covid-en-oaxaca-hoy-148-nuevos-casos-y-13-decesos","status":"publish","type":"post","link":"https:\/\/zonaroja.com.mx\/?p=21564","title":{"rendered":"Repunta Covid en Oaxaca: hoy 148 nuevos casos y 13 decesos"},"content":{"rendered":"\n<p>Redacci\u00f3n\/Zona Roja.<\/p>\n\n\n\n<p>Oaxaca de Ju\u00e1rez, Oax. 22 de diciembre de 2020.- Los Servicios de Salud de Oaxaca (SSO) informaron que este martes se han registrado 148 casos nuevos de Covid-19, con los que suman 27 mil 182 acumulados en la entidad.<\/p>\n\n\n\n<p>Agregaron que se han notificado 43 mil 173 casos, de los cuales, 11 mil 946 han sido negativos, cuatro mil 045 son sospechosos, 24 mil 356 se han recuperado, y se contabilizan 13 decesos que suman dos mil 057 defunciones.<\/p>\n\n\n\n<p>En un comunicado, la dependencia se\u00f1al\u00f3 que la Jurisdicci\u00f3n Sanitaria n\u00famero uno Valles Centrales contabiliza 18 mil 552 casos confirmados y mil 059 defunciones; la regi\u00f3n del Istmo dos mil 413 y 324 fallecimientos; la Mixteca registra dos mil 041 casos confirmados y 183 p\u00e9rdidas humanas.<\/p>\n\n\n\n<p>Mientras que Tuxtepec contabiliza mil 933 casos confirmados y 281 defunciones; la Costa mil 386 y 134 fallecimientos, y la Sierra 857 y 76 muertes.<\/p>\n\n\n\n<p>Dijo que los 148 casos nuevos se distribuyen en 43 municipios, siendo los que el mayor n\u00famero de casos presentan, el de Oaxaca de Ju\u00e1rez con 32, Huajuapan de Le\u00f3n 24, Santa Cruz Xoxocotl\u00e1n ocho, El Barrio de la Soledad siete, Santa Luc\u00eda del Camino seis, San Bartolo Coyotepec cinco y el resto cuatro, tres, dos y un caso.<\/p>\n\n\n\n<p>Mencion\u00f3 que actualmente existen 780 casos activos, de los cuales, la Jurisdicci\u00f3n Sanitaria n\u00famero uno Valles Centrales registra 587, la Mixteca 87, la Costa 36, la Sierra 29, el Istmo 28 y Tuxtepec con 13 casos.<\/p>\n\n\n\n<p>Destac\u00f3 que en relaci\u00f3n a la ocupaci\u00f3n hospitalaria, los SSO presentan un 23.9 %, el HRAEO 100 %, el Hospital de la Ni\u00f1ez Oaxaque\u00f1a 66.7 %, Sedena 36.4 %, ISSSTE 63.9 %, el IMSS r\u00e9gimen ordinario 43.9 %, el IMSS Bienestar 31.5 %, Pemex 8.3 %, Semar 5.9 % y las unidades privadas un 75 %; por lo que hay un global para la atenci\u00f3n de pacientes con Covid-19 del 39.5 %, de los cuales, el 48 son camas sin ventilador y el 24.7 % de camas con ventilador.<\/p>\n\n\n\n<p>Puntualiz\u00f3 que es importante que \u201cconviertan su mascarilla en una parte normal al convivir en sociedad, adem\u00e1s de lavarse las manos antes de ponerse la mascarilla y despu\u00e9s de quit\u00e1rsela, aseguren que el cubrebocas tape nariz, boca y ment\u00f3n para que esten protegidos\u201d.<\/p>\n\n\n\n<p>Finalmente, sostuvo que es de vital importancia evitar \u00e1reas cerradas, el contacto cercano de diferentes familias o lugares de trabajo, las reuniones est\u00e1n prohibidas, es muy negativo tener estas reuniones y es mejor estar al aire libre, \u201csi te cuidas t\u00fa, nos cuidamos todas y todos\u201d.<\/p>\n","protected":false},"excerpt":{"rendered":"<p>Redacci\u00f3n\/Zona Roja. Oaxaca de Ju\u00e1rez, Oax. 22 de diciembre de 2020.- Los Servicios de Salud&hellip;<\/p>\n","protected":false},"author":2,"featured_media":21565,"comment_status":"closed","ping_status":"open","sticky":false,"template":"","format":"standard","meta":{"_lmt_disableupdate":"","_lmt_disable":"","_jetpack_memberships_contains_paid_content":false,"footnotes":""},"categories":[109,47],"tags":[1512],"class_list":["post-21564","post","type-post","status-publish","format-standard","has-post-thumbnail","hentry","category-minuto-a-minuto","category-zona-gris","tag-coronavirus-oaxaca"],"jetpack_featured_media_url":"https:\/\/zonaroja.com.mx\/wp-content\/uploads\/2020\/12\/REPORTE-SS0-22-DIC-1.jpeg","jetpack_sharing_enabled":true,"_links":{"self":[{"href":"https:\/\/zonaroja.com.mx\/index.php?rest_route=\/wp\/v2\/posts\/21564","targetHints":{"allow":["GET"]}}],"collection":[{"href":"https:\/\/zonaroja.com.mx\/index.php?rest_route=\/wp\/v2\/posts"}],"about":[{"href":"https:\/\/zonaroja.com.mx\/index.php?rest_route=\/wp\/v2\/types\/post"}],"author":[{"embeddable":true,"href":"https:\/\/zonaroja.com.mx\/index.php?rest_route=\/wp\/v2\/users\/2"}],"replies":[{"embeddable":true,"href":"https:\/\/zonaroja.com.mx\/index.php?rest_route=%2Fwp%2Fv2%2Fcomments&post=21564"}],"version-history":[{"count":1,"href":"https:\/\/zonaroja.com.mx\/index.php?rest_route=\/wp\/v2\/posts\/21564\/revisions"}],"predecessor-version":[{"id":21566,"href":"https:\/\/zonaroja.com.mx\/index.php?rest_route=\/wp\/v2\/posts\/21564\/revisions\/21566"}],"wp:featuredmedia":[{"embeddable":true,"href":"https:\/\/zonaroja.com.mx\/index.php?rest_route=\/wp\/v2\/media\/21565"}],"wp:attachment":[{"href":"https:\/\/zonaroja.com.mx\/index.php?rest_route=%2Fwp%2Fv2%2Fmedia&parent=21564"}],"wp:term":[{"taxonomy":"category","embeddable":true,"href":"https:\/\/zonaroja.com.mx\/index.php?rest_route=%2Fwp%2Fv2%2Fcategories&post=21564"},{"taxonomy":"post_tag","embeddable":true,"href":"https:\/\/zonaroja.com.mx\/index.php?rest_route=%2Fwp%2Fv2%2Ftags&post=21564"}],"curies":[{"name":"wp","href":"https:\/\/api.w.org\/{rel}","templated":true}]}}