{"id":21570,"date":"2020-12-23T07:29:16","date_gmt":"2020-12-23T13:29:16","guid":{"rendered":"http:\/\/www.zonaroja.com.mx\/?p=21570"},"modified":"2020-12-23T07:29:20","modified_gmt":"2020-12-23T13:29:20","slug":"en-oaxaca-perdidas-siete-mil-500-plazas-de-trabajo-confirma-el-imss","status":"publish","type":"post","link":"https:\/\/zonaroja.com.mx\/?p=21570","title":{"rendered":"En Oaxaca, perdidas siete mil 500 plazas de trabajo, confirma el IMSS"},"content":{"rendered":"\n<p>\u00c1lvaro Morales\/Zona Roja.<\/p>\n\n\n\n<p>Oaxaca de Ju\u00e1rez, Oax., 23 de diciembre de 2020.- Entre enero y noviembre de 2020, el mercado laboral de Oaxaca perdi\u00f3 cuatro mil 949 plazas de trabajo formal, incluida una recuperaci\u00f3n documentada entre los meses de octubre y noviembre, inform\u00f3 la Secretar\u00eda del Trabajo del gobierno federal.<\/p>\n\n\n\n<p>En enero, apunt\u00f3 la dependencia, Oaxaca abri\u00f3 el a\u00f1o con 219 mil 799 plazas de trabajo registradas ante el Instituto Mexicano del Seguro Social (IMSS), una cifra que incluso se elev\u00f3 a 222 mil 355 ciudadanos dados de alta ante el IMSS durante febrero; sin embargo, al cierre de noviembre, el n\u00famero de afiliados baj\u00f3 a 214 mil 850 trabajadores,<\/p>\n\n\n\n<p>Lo anterior, se traduce en cuatro mil 949 plazas de trabajo menos, si los n\u00fameros se comparan entre enero y noviembre, pero siete mil 505 menos si la comparaci\u00f3n se efect\u00faa entre noviembre y febrero.<\/p>\n\n\n\n<p>Las autoridades indicaron que, en junio, durante la primera fase cr\u00edtica de la pandemia de Covid 19, en Oaxaca se llegaron a perder 13 mil 511 plazas de trabajo si se toman como base los registros del mes de enero; no obstante, si el contraste se efect\u00faa entre las cifras de febrero y junio la cantidad se dispara a 16 mil 67 desempleados.<\/p>\n\n\n\n<p>La Secretar\u00eda del Trabajo refiri\u00f3 que en mayo, el n\u00famero de trabajadores asegurados cay\u00f3 a 208 mil 619; en junio, a 206 mil 288, el peor r\u00e9cord del a\u00f1o, y en julio, la cantidad de personas afiliadas al IMSS permaneci\u00f3 en 206 mil 982, tras registrar una mejor\u00eda.<\/p>\n\n\n\n<p>Durante los meses de septiembre (208 mil 577) y octubre (211 mil 23), la producci\u00f3n de empleo comenz\u00f3 a recuperarse hasta cerrar noviembre con las 214 mil 850 fuentes de trabajo registradas hasta hace tres semanas.<\/p>\n\n\n\n<p>De estas cifras, se explic\u00f3, 185 mil 244 puestos corresponden a trabajos permanentes y 29 mil 606 a puestos eventuales. De las plazas eventuales, 72 mil 661 corresponden a zonas urbanas y mil 945 a trabajadores del campo.<\/p>\n","protected":false},"excerpt":{"rendered":"<p>\u00c1lvaro Morales\/Zona Roja. Oaxaca de Ju\u00e1rez, Oax., 23 de diciembre de 2020.- Entre enero y&hellip;<\/p>\n","protected":false},"author":2,"featured_media":20815,"comment_status":"closed","ping_status":"open","sticky":false,"template":"","format":"standard","meta":{"_lmt_disableupdate":"","_lmt_disable":"","_jetpack_memberships_contains_paid_content":false,"footnotes":""},"categories":[109,47],"tags":[2311],"class_list":["post-21570","post","type-post","status-publish","format-standard","has-post-thumbnail","hentry","category-minuto-a-minuto","category-zona-gris","tag-perdida-de-empleos-oaxaca"],"jetpack_featured_media_url":"https:\/\/zonaroja.com.mx\/wp-content\/uploads\/2020\/12\/Comercios-Oaxaca.jpg","jetpack_sharing_enabled":true,"_links":{"self":[{"href":"https:\/\/zonaroja.com.mx\/index.php?rest_route=\/wp\/v2\/posts\/21570","targetHints":{"allow":["GET"]}}],"collection":[{"href":"https:\/\/zonaroja.com.mx\/index.php?rest_route=\/wp\/v2\/posts"}],"about":[{"href":"https:\/\/zonaroja.com.mx\/index.php?rest_route=\/wp\/v2\/types\/post"}],"author":[{"embeddable":true,"href":"https:\/\/zonaroja.com.mx\/index.php?rest_route=\/wp\/v2\/users\/2"}],"replies":[{"embeddable":true,"href":"https:\/\/zonaroja.com.mx\/index.php?rest_route=%2Fwp%2Fv2%2Fcomments&post=21570"}],"version-history":[{"count":1,"href":"https:\/\/zonaroja.com.mx\/index.php?rest_route=\/wp\/v2\/posts\/21570\/revisions"}],"predecessor-version":[{"id":21571,"href":"https:\/\/zonaroja.com.mx\/index.php?rest_route=\/wp\/v2\/posts\/21570\/revisions\/21571"}],"wp:featuredmedia":[{"embeddable":true,"href":"https:\/\/zonaroja.com.mx\/index.php?rest_route=\/wp\/v2\/media\/20815"}],"wp:attachment":[{"href":"https:\/\/zonaroja.com.mx\/index.php?rest_route=%2Fwp%2Fv2%2Fmedia&parent=21570"}],"wp:term":[{"taxonomy":"category","embeddable":true,"href":"https:\/\/zonaroja.com.mx\/index.php?rest_route=%2Fwp%2Fv2%2Fcategories&post=21570"},{"taxonomy":"post_tag","embeddable":true,"href":"https:\/\/zonaroja.com.mx\/index.php?rest_route=%2Fwp%2Fv2%2Ftags&post=21570"}],"curies":[{"name":"wp","href":"https:\/\/api.w.org\/{rel}","templated":true}]}}